{"id":464,"date":"2011-09-01T08:37:12","date_gmt":"2011-09-01T08:37:12","guid":{"rendered":"http:\/\/motivation.ro\/en\/?p=464"},"modified":"2015-12-15T08:39:35","modified_gmt":"2015-12-15T08:39:35","slug":"noutati-toamna-2011","status":"publish","type":"post","link":"https:\/\/motivation.ro\/en\/blog\/noutati-toamna-2011\/","title":{"rendered":"Noutati toamna 2011"},"content":{"rendered":"<style type=\"text\/css\"><\/style><div id=\"NewsPostDetailSummary\">\n<p><strong>Clinica de recuperare Motivation \u0219i aventura montan\u0103<\/strong><\/p>\n<\/div>\n<div id=\"NewsPostDetailContent\">\n<div>\n<p>La sfarsitul lunii august, am deschis Clinica de Recuperare Medicala Motivation. Tot in august, am organizat o aventura montana in scaun rulant.<\/p>\n<p><strong>Am deschis Clinica de Recuperare Medical\u0103 Motivation<\/strong><\/p>\n<p>\u2018\u2019O idee de Nobel a devenit afacere \u00een Rom\u00e2nia\u2019\u2019\u2013 aceasta este prezentarea f\u0103cut\u0103 de mass-media Clinicii de Recuperare Medical\u0103 Motivation, a c\u0103rei deschidere a fost anun\u021bat\u0103 \u00eentr-o conferin\u021b\u0103 de pres\u0103\u00a0 organizat\u0103 \u00eempreun\u0103 cu BCR pe 24 august. Clinica este prima \u00eentreprindere social\u0103 finan\u021bat\u0103 printr-un \u00eemprumut bancar f\u0103r\u0103 dob\u00e2nd\u0103 de c\u0103tre BCR. Astfel, din veniturile ob\u021binute prin oferirea de servicii c\u0103tre persoane care \u00ee\u015fi pot permite s\u0103 pl\u0103teasc\u0103, Clinica va suporta, din al treilea an de proiect, costurile pentru furnizarea gratuit\u0103 a recuper\u0103rii medicale pentru persoane cu dizabilit\u0103\u0163i cu venituri modeste.<\/p>\n<p>Cititi mai multe pe\u00a0www.clinicamotivation.ro\/en<\/p>\n<p><img fetchpriority=\"high\" decoding=\"async\" class=\"fotointext aligncenter\" src=\"http:\/\/www.motivation.ro\/en\/uploads\/images\/IMG_2868.JPG\" alt=\"\" width=\"950\" height=\"481\" \/><\/p>\n<p>&nbsp;<\/p>\n<p><strong>Aventur\u0103 montan\u0103 \u00een scaun rulant<\/strong><\/p>\n<p><img decoding=\"async\" class=\"fotointext aligncenter\" src=\"http:\/\/www.motivation.ro\/en\/uploads\/images\/_MG_7257.JPG\" alt=\"\" width=\"550\" height=\"367\" \/><\/p>\n<div>\n<div>\n<p>La mijlocul locul lunii, \u00eentre 12 \u0219i 15 august, Motivation a\u00a0organizat, cu sprijinul Funda\u021biei Vodafone Rom\u00e2nia, o\u00a0aventur\u0103 montan\u0103 pentru utilizatori de scaun rulant.Astfel, 12 persoane \u00een scaun rulant, al\u0103turi de 28 de colegi din Motivation, au reu\u0219it s\u0103 urce pe munte, \u00een zona Buila V\u00e2nturari\u021ba, \u00een cel mai mic, dar \u0219i cel mai spectaculos parc na\u021bional din \u021bar\u0103. Persoanele \u00een scaun rulant au dat dovad\u0103 de curaj \u0219i determinare \u0219i au reu\u0219it s\u0103 parcurg\u0103 3 trasee grele: Cheile Bistri\u021bei (7 km dus-\u00eentors), Cheile Coste\u0219tiului (10,8 km dus-\u00eentors) \u0219i Cheile Olte\u021bului (2 km) p\u00e2n\u0103 la Pe\u0219tera Polovragi.<\/p>\n<p>De\u0219i a fost dificil de urcat at\u00e2\u021bia km, colegii \u00een scaun rulant s-au declarat impresiona\u021bi de ceea ce au putut s\u0103 vad\u0103 \u00een aceste zile de drume\u021bie montan\u0103.<\/p>\n<\/div>\n<\/div>\n<\/div>\n<\/div>\n","protected":false},"excerpt":{"rendered":"<p>Clinica de recuperare Motivation \u0219i aventura montan\u0103 La sfarsitul lunii august, am deschis Clinica de Recuperare Medicala Motivation. Tot in august, am organizat o aventura montana in scaun rulant. Am deschis Clinica de Recuperare Medical\u0103 Motivation \u2018\u2019O idee de Nobel a devenit afacere \u00een Rom\u00e2nia\u2019\u2019\u2013 aceasta este prezentarea f\u0103cut\u0103 de mass-media Clinicii de Recuperare Medical\u0103&#8230;<\/p>\n","protected":false},"author":1,"featured_media":0,"comment_status":"open","ping_status":"open","sticky":false,"template":"","format":"standard","meta":{"footnotes":""},"categories":[4],"tags":[],"class_list":["post-464","post","type-post","status-publish","format-standard","hentry","category-news"],"yoast_head":"<!-- This site is optimized with the Yoast SEO plugin v27.1.1 - https:\/\/yoast.com\/product\/yoast-seo-wordpress\/ -->\n<title>Noutati toamna 2011 - Motivation Romania NGO<\/title>\n<meta name=\"robots\" content=\"index, follow, max-snippet:-1, max-image-preview:large, max-video-preview:-1\" \/>\n<link rel=\"canonical\" href=\"https:\/\/motivation.ro\/en\/blog\/noutati-toamna-2011\/\" \/>\n<meta property=\"og:locale\" content=\"en_US\" \/>\n<meta property=\"og:type\" content=\"article\" \/>\n<meta property=\"og:title\" content=\"Noutati toamna 2011 - Motivation Romania NGO\" \/>\n<meta property=\"og:description\" content=\"Clinica de recuperare Motivation \u0219i aventura montan\u0103 La sfarsitul lunii august, am deschis Clinica de Recuperare Medicala Motivation. Tot in august, am organizat o aventura montana in scaun rulant. Am deschis Clinica de Recuperare Medical\u0103 Motivation \u2018\u2019O idee de Nobel a devenit afacere \u00een Rom\u00e2nia\u2019\u2019\u2013 aceasta este prezentarea f\u0103cut\u0103 de mass-media Clinicii de Recuperare Medical\u0103...\" \/>\n<meta property=\"og:url\" content=\"https:\/\/motivation.ro\/en\/blog\/noutati-toamna-2011\/\" \/>\n<meta property=\"og:site_name\" content=\"Motivation Romania NGO\" \/>\n<meta property=\"article:publisher\" content=\"https:\/\/www.facebook.com\/FundatiaMotivationRomania\" \/>\n<meta property=\"article:published_time\" content=\"2011-09-01T08:37:12+00:00\" \/>\n<meta property=\"article:modified_time\" content=\"2015-12-15T08:39:35+00:00\" \/>\n<meta property=\"og:image\" content=\"http:\/\/www.motivation.ro\/en\/uploads\/images\/IMG_2868.JPG\" \/>\n<meta name=\"author\" content=\"Alex Manaila\" \/>\n<meta name=\"twitter:card\" content=\"summary_large_image\" \/>\n<meta name=\"twitter:label1\" content=\"Written by\" \/>\n\t<meta name=\"twitter:data1\" content=\"Alex Manaila\" \/>\n\t<meta name=\"twitter:label2\" content=\"Est. reading time\" \/>\n\t<meta name=\"twitter:data2\" content=\"1 minute\" \/>\n<script type=\"application\/ld+json\" class=\"yoast-schema-graph\">{\"@context\":\"https:\/\/schema.org\",\"@graph\":[{\"@type\":\"Article\",\"@id\":\"https:\/\/motivation.ro\/en\/blog\/noutati-toamna-2011\/#article\",\"isPartOf\":{\"@id\":\"https:\/\/motivation.ro\/en\/blog\/noutati-toamna-2011\/\"},\"author\":{\"name\":\"Alex Manaila\",\"@id\":\"https:\/\/motivation.ro\/en\/#\/schema\/person\/2b528c2687a1264bedb8f1a33dbadf46\"},\"headline\":\"Noutati toamna 2011\",\"datePublished\":\"2011-09-01T08:37:12+00:00\",\"dateModified\":\"2015-12-15T08:39:35+00:00\",\"mainEntityOfPage\":{\"@id\":\"https:\/\/motivation.ro\/en\/blog\/noutati-toamna-2011\/\"},\"wordCount\":292,\"commentCount\":0,\"publisher\":{\"@id\":\"https:\/\/motivation.ro\/en\/#organization\"},\"image\":{\"@id\":\"https:\/\/motivation.ro\/en\/blog\/noutati-toamna-2011\/#primaryimage\"},\"thumbnailUrl\":\"http:\/\/www.motivation.ro\/en\/uploads\/images\/IMG_2868.JPG\",\"articleSection\":[\"News\"],\"inLanguage\":\"en-US\"},{\"@type\":\"WebPage\",\"@id\":\"https:\/\/motivation.ro\/en\/blog\/noutati-toamna-2011\/\",\"url\":\"https:\/\/motivation.ro\/en\/blog\/noutati-toamna-2011\/\",\"name\":\"Noutati toamna 2011 - Motivation Romania NGO\",\"isPartOf\":{\"@id\":\"https:\/\/motivation.ro\/en\/#website\"},\"primaryImageOfPage\":{\"@id\":\"https:\/\/motivation.ro\/en\/blog\/noutati-toamna-2011\/#primaryimage\"},\"image\":{\"@id\":\"https:\/\/motivation.ro\/en\/blog\/noutati-toamna-2011\/#primaryimage\"},\"thumbnailUrl\":\"http:\/\/www.motivation.ro\/en\/uploads\/images\/IMG_2868.JPG\",\"datePublished\":\"2011-09-01T08:37:12+00:00\",\"dateModified\":\"2015-12-15T08:39:35+00:00\",\"breadcrumb\":{\"@id\":\"https:\/\/motivation.ro\/en\/blog\/noutati-toamna-2011\/#breadcrumb\"},\"inLanguage\":\"en-US\",\"potentialAction\":[{\"@type\":\"ReadAction\",\"target\":[\"https:\/\/motivation.ro\/en\/blog\/noutati-toamna-2011\/\"]}]},{\"@type\":\"ImageObject\",\"inLanguage\":\"en-US\",\"@id\":\"https:\/\/motivation.ro\/en\/blog\/noutati-toamna-2011\/#primaryimage\",\"url\":\"http:\/\/www.motivation.ro\/en\/uploads\/images\/IMG_2868.JPG\",\"contentUrl\":\"http:\/\/www.motivation.ro\/en\/uploads\/images\/IMG_2868.JPG\"},{\"@type\":\"BreadcrumbList\",\"@id\":\"https:\/\/motivation.ro\/en\/blog\/noutati-toamna-2011\/#breadcrumb\",\"itemListElement\":[{\"@type\":\"ListItem\",\"position\":1,\"name\":\"Home\",\"item\":\"https:\/\/motivation.ro\/en\/\"},{\"@type\":\"ListItem\",\"position\":2,\"name\":\"Noutati toamna 2011\"}]},{\"@type\":\"WebSite\",\"@id\":\"https:\/\/motivation.ro\/en\/#website\",\"url\":\"https:\/\/motivation.ro\/en\/\",\"name\":\"Motivation Romania NGO\",\"description\":\"FMR\",\"publisher\":{\"@id\":\"https:\/\/motivation.ro\/en\/#organization\"},\"potentialAction\":[{\"@type\":\"SearchAction\",\"target\":{\"@type\":\"EntryPoint\",\"urlTemplate\":\"https:\/\/motivation.ro\/en\/?s={search_term_string}\"},\"query-input\":{\"@type\":\"PropertyValueSpecification\",\"valueRequired\":true,\"valueName\":\"search_term_string\"}}],\"inLanguage\":\"en-US\"},{\"@type\":\"Organization\",\"@id\":\"https:\/\/motivation.ro\/en\/#organization\",\"name\":\"Fundatia Motivation Romania\",\"url\":\"https:\/\/motivation.ro\/en\/\",\"logo\":{\"@type\":\"ImageObject\",\"inLanguage\":\"en-US\",\"@id\":\"https:\/\/motivation.ro\/en\/#\/schema\/logo\/image\/\",\"url\":\"https:\/\/motivation.ro\/en\/wp-content\/uploads\/sites\/10\/2015\/12\/logo_mot_shadow.png\",\"contentUrl\":\"https:\/\/motivation.ro\/en\/wp-content\/uploads\/sites\/10\/2015\/12\/logo_mot_shadow.png\",\"width\":350,\"height\":84,\"caption\":\"Fundatia Motivation Romania\"},\"image\":{\"@id\":\"https:\/\/motivation.ro\/en\/#\/schema\/logo\/image\/\"},\"sameAs\":[\"https:\/\/www.facebook.com\/FundatiaMotivationRomania\"]},{\"@type\":\"Person\",\"@id\":\"https:\/\/motivation.ro\/en\/#\/schema\/person\/2b528c2687a1264bedb8f1a33dbadf46\",\"name\":\"Alex Manaila\",\"image\":{\"@type\":\"ImageObject\",\"inLanguage\":\"en-US\",\"@id\":\"https:\/\/motivation.ro\/en\/#\/schema\/person\/image\/\",\"url\":\"https:\/\/secure.gravatar.com\/avatar\/3b5dee88890a6b4be734d8ef5ee9703677400244ce0125e34900f689f71dfb7a?s=96&d=mm&r=g\",\"contentUrl\":\"https:\/\/secure.gravatar.com\/avatar\/3b5dee88890a6b4be734d8ef5ee9703677400244ce0125e34900f689f71dfb7a?s=96&d=mm&r=g\",\"caption\":\"Alex Manaila\"},\"url\":\"https:\/\/motivation.ro\/en\/blog\/author\/alexm\/\"}]}<\/script>\n<!-- \/ Yoast SEO plugin. -->","yoast_head_json":{"title":"Noutati toamna 2011 - Motivation Romania NGO","robots":{"index":"index","follow":"follow","max-snippet":"max-snippet:-1","max-image-preview":"max-image-preview:large","max-video-preview":"max-video-preview:-1"},"canonical":"https:\/\/motivation.ro\/en\/blog\/noutati-toamna-2011\/","og_locale":"en_US","og_type":"article","og_title":"Noutati toamna 2011 - Motivation Romania NGO","og_description":"Clinica de recuperare Motivation \u0219i aventura montan\u0103 La sfarsitul lunii august, am deschis Clinica de Recuperare Medicala Motivation. Tot in august, am organizat o aventura montana in scaun rulant. Am deschis Clinica de Recuperare Medical\u0103 Motivation \u2018\u2019O idee de Nobel a devenit afacere \u00een Rom\u00e2nia\u2019\u2019\u2013 aceasta este prezentarea f\u0103cut\u0103 de mass-media Clinicii de Recuperare Medical\u0103...","og_url":"https:\/\/motivation.ro\/en\/blog\/noutati-toamna-2011\/","og_site_name":"Motivation Romania NGO","article_publisher":"https:\/\/www.facebook.com\/FundatiaMotivationRomania","article_published_time":"2011-09-01T08:37:12+00:00","article_modified_time":"2015-12-15T08:39:35+00:00","og_image":[{"url":"http:\/\/www.motivation.ro\/en\/uploads\/images\/IMG_2868.JPG","type":"","width":"","height":""}],"author":"Alex Manaila","twitter_card":"summary_large_image","twitter_misc":{"Written by":"Alex Manaila","Est. reading time":"1 minute"},"schema":{"@context":"https:\/\/schema.org","@graph":[{"@type":"Article","@id":"https:\/\/motivation.ro\/en\/blog\/noutati-toamna-2011\/#article","isPartOf":{"@id":"https:\/\/motivation.ro\/en\/blog\/noutati-toamna-2011\/"},"author":{"name":"Alex Manaila","@id":"https:\/\/motivation.ro\/en\/#\/schema\/person\/2b528c2687a1264bedb8f1a33dbadf46"},"headline":"Noutati toamna 2011","datePublished":"2011-09-01T08:37:12+00:00","dateModified":"2015-12-15T08:39:35+00:00","mainEntityOfPage":{"@id":"https:\/\/motivation.ro\/en\/blog\/noutati-toamna-2011\/"},"wordCount":292,"commentCount":0,"publisher":{"@id":"https:\/\/motivation.ro\/en\/#organization"},"image":{"@id":"https:\/\/motivation.ro\/en\/blog\/noutati-toamna-2011\/#primaryimage"},"thumbnailUrl":"http:\/\/www.motivation.ro\/en\/uploads\/images\/IMG_2868.JPG","articleSection":["News"],"inLanguage":"en-US"},{"@type":"WebPage","@id":"https:\/\/motivation.ro\/en\/blog\/noutati-toamna-2011\/","url":"https:\/\/motivation.ro\/en\/blog\/noutati-toamna-2011\/","name":"Noutati toamna 2011 - Motivation Romania NGO","isPartOf":{"@id":"https:\/\/motivation.ro\/en\/#website"},"primaryImageOfPage":{"@id":"https:\/\/motivation.ro\/en\/blog\/noutati-toamna-2011\/#primaryimage"},"image":{"@id":"https:\/\/motivation.ro\/en\/blog\/noutati-toamna-2011\/#primaryimage"},"thumbnailUrl":"http:\/\/www.motivation.ro\/en\/uploads\/images\/IMG_2868.JPG","datePublished":"2011-09-01T08:37:12+00:00","dateModified":"2015-12-15T08:39:35+00:00","breadcrumb":{"@id":"https:\/\/motivation.ro\/en\/blog\/noutati-toamna-2011\/#breadcrumb"},"inLanguage":"en-US","potentialAction":[{"@type":"ReadAction","target":["https:\/\/motivation.ro\/en\/blog\/noutati-toamna-2011\/"]}]},{"@type":"ImageObject","inLanguage":"en-US","@id":"https:\/\/motivation.ro\/en\/blog\/noutati-toamna-2011\/#primaryimage","url":"http:\/\/www.motivation.ro\/en\/uploads\/images\/IMG_2868.JPG","contentUrl":"http:\/\/www.motivation.ro\/en\/uploads\/images\/IMG_2868.JPG"},{"@type":"BreadcrumbList","@id":"https:\/\/motivation.ro\/en\/blog\/noutati-toamna-2011\/#breadcrumb","itemListElement":[{"@type":"ListItem","position":1,"name":"Home","item":"https:\/\/motivation.ro\/en\/"},{"@type":"ListItem","position":2,"name":"Noutati toamna 2011"}]},{"@type":"WebSite","@id":"https:\/\/motivation.ro\/en\/#website","url":"https:\/\/motivation.ro\/en\/","name":"Motivation Romania NGO","description":"FMR","publisher":{"@id":"https:\/\/motivation.ro\/en\/#organization"},"potentialAction":[{"@type":"SearchAction","target":{"@type":"EntryPoint","urlTemplate":"https:\/\/motivation.ro\/en\/?s={search_term_string}"},"query-input":{"@type":"PropertyValueSpecification","valueRequired":true,"valueName":"search_term_string"}}],"inLanguage":"en-US"},{"@type":"Organization","@id":"https:\/\/motivation.ro\/en\/#organization","name":"Fundatia Motivation Romania","url":"https:\/\/motivation.ro\/en\/","logo":{"@type":"ImageObject","inLanguage":"en-US","@id":"https:\/\/motivation.ro\/en\/#\/schema\/logo\/image\/","url":"https:\/\/motivation.ro\/en\/wp-content\/uploads\/sites\/10\/2015\/12\/logo_mot_shadow.png","contentUrl":"https:\/\/motivation.ro\/en\/wp-content\/uploads\/sites\/10\/2015\/12\/logo_mot_shadow.png","width":350,"height":84,"caption":"Fundatia Motivation Romania"},"image":{"@id":"https:\/\/motivation.ro\/en\/#\/schema\/logo\/image\/"},"sameAs":["https:\/\/www.facebook.com\/FundatiaMotivationRomania"]},{"@type":"Person","@id":"https:\/\/motivation.ro\/en\/#\/schema\/person\/2b528c2687a1264bedb8f1a33dbadf46","name":"Alex Manaila","image":{"@type":"ImageObject","inLanguage":"en-US","@id":"https:\/\/motivation.ro\/en\/#\/schema\/person\/image\/","url":"https:\/\/secure.gravatar.com\/avatar\/3b5dee88890a6b4be734d8ef5ee9703677400244ce0125e34900f689f71dfb7a?s=96&d=mm&r=g","contentUrl":"https:\/\/secure.gravatar.com\/avatar\/3b5dee88890a6b4be734d8ef5ee9703677400244ce0125e34900f689f71dfb7a?s=96&d=mm&r=g","caption":"Alex Manaila"},"url":"https:\/\/motivation.ro\/en\/blog\/author\/alexm\/"}]}},"_links":{"self":[{"href":"https:\/\/motivation.ro\/en\/wp-json\/wp\/v2\/posts\/464","targetHints":{"allow":["GET"]}}],"collection":[{"href":"https:\/\/motivation.ro\/en\/wp-json\/wp\/v2\/posts"}],"about":[{"href":"https:\/\/motivation.ro\/en\/wp-json\/wp\/v2\/types\/post"}],"author":[{"embeddable":true,"href":"https:\/\/motivation.ro\/en\/wp-json\/wp\/v2\/users\/1"}],"replies":[{"embeddable":true,"href":"https:\/\/motivation.ro\/en\/wp-json\/wp\/v2\/comments?post=464"}],"version-history":[{"count":3,"href":"https:\/\/motivation.ro\/en\/wp-json\/wp\/v2\/posts\/464\/revisions"}],"predecessor-version":[{"id":467,"href":"https:\/\/motivation.ro\/en\/wp-json\/wp\/v2\/posts\/464\/revisions\/467"}],"wp:attachment":[{"href":"https:\/\/motivation.ro\/en\/wp-json\/wp\/v2\/media?parent=464"}],"wp:term":[{"taxonomy":"category","embeddable":true,"href":"https:\/\/motivation.ro\/en\/wp-json\/wp\/v2\/categories?post=464"},{"taxonomy":"post_tag","embeddable":true,"href":"https:\/\/motivation.ro\/en\/wp-json\/wp\/v2\/tags?post=464"}],"curies":[{"name":"wp","href":"https:\/\/api.w.org\/{rel}","templated":true}]}}