{"id":533,"date":"2012-10-31T09:50:41","date_gmt":"2012-10-31T09:50:41","guid":{"rendered":"http:\/\/motivation.ro\/en\/?p=533"},"modified":"2015-12-15T09:51:18","modified_gmt":"2015-12-15T09:51:18","slug":"competitia-accesibilitate-maxima","status":"publish","type":"post","link":"https:\/\/motivation.ro\/en\/blog\/competitia-accesibilitate-maxima\/","title":{"rendered":"Competi\u021bia \u201dAccesibilitate Maxim\u0103\u201d"},"content":{"rendered":"<style type=\"text\/css\"><\/style><p>30 octombrie 2012. Echipa Motivation Sibiu a organizat la Sala Transilvania din Sibiu, competi\u021bia <em>Accesibilitate Maxim\u0103<\/em>. La eveniment s-au \u00eenscris 11 iubitori de sport din categoria persoanelor cu dizabilit\u0103\u021bi, copii \u0219i adul\u021bi.\u00a0Probele la care \u0219i-au dat concursul participan\u021bii au fost atletism, bocce \u0219i aruncarea la co\u0219ul de baschet.<\/p>\n<p>Sub \u00eendrumarea a cinci antrenori \u0219i a instructorilor Motivation, sub supravegherea antrenorilor \u0219i \u00eencuraja\u021bi de mai bine de 70 de spectatori, concuren\u021bii s-au str\u0103duit s\u0103 \u00ee\u0219i demonstreze abilit\u0103\u021bile de sportivi.<\/p>\n<p><img fetchpriority=\"high\" decoding=\"async\" src=\"http:\/\/www.motivation.ro\/en\/uploads\/images\/Stiri%20si%20evenimente\/accesib%20max.jpg\" alt=\"\" width=\"581\" height=\"368\" \/><\/p>\n<p>Evenimentul a avut loc \u00een cadrul proiectului \u201dRo\u021bile Schimb\u0103rii \u2013 c\u0103tre servicii adecvate pentru utilizatorii de scaun rulant din Rom\u00e2nia\u201d, finan\u021bat de Agen\u021bia Statelor Unite pentru Dezvoltare Interna\u021bional\u0103, USAID.<\/p>\n","protected":false},"excerpt":{"rendered":"<p>30 octombrie 2012. Echipa Motivation Sibiu a organizat la Sala Transilvania din Sibiu, competi\u021bia Accesibilitate Maxim\u0103. La eveniment s-au \u00eenscris 11 iubitori de sport din categoria persoanelor cu dizabilit\u0103\u021bi, copii \u0219i adul\u021bi.\u00a0Probele la care \u0219i-au dat concursul participan\u021bii au fost atletism, bocce \u0219i aruncarea la co\u0219ul de baschet. Sub \u00eendrumarea a cinci antrenori \u0219i a&#8230;<\/p>\n","protected":false},"author":1,"featured_media":0,"comment_status":"open","ping_status":"open","sticky":false,"template":"","format":"standard","meta":{"footnotes":""},"categories":[4],"tags":[],"class_list":["post-533","post","type-post","status-publish","format-standard","hentry","category-news"],"yoast_head":"<!-- This site is optimized with the Yoast SEO plugin v27.1.1 - https:\/\/yoast.com\/product\/yoast-seo-wordpress\/ -->\n<title>Competi\u021bia \u201dAccesibilitate Maxim\u0103\u201d - Motivation Romania NGO<\/title>\n<meta name=\"robots\" content=\"index, follow, max-snippet:-1, max-image-preview:large, max-video-preview:-1\" \/>\n<link rel=\"canonical\" href=\"https:\/\/motivation.ro\/en\/blog\/competitia-accesibilitate-maxima\/\" \/>\n<meta property=\"og:locale\" content=\"en_US\" \/>\n<meta property=\"og:type\" content=\"article\" \/>\n<meta property=\"og:title\" content=\"Competi\u021bia \u201dAccesibilitate Maxim\u0103\u201d - Motivation Romania NGO\" \/>\n<meta property=\"og:description\" content=\"30 octombrie 2012. Echipa Motivation Sibiu a organizat la Sala Transilvania din Sibiu, competi\u021bia Accesibilitate Maxim\u0103. La eveniment s-au \u00eenscris 11 iubitori de sport din categoria persoanelor cu dizabilit\u0103\u021bi, copii \u0219i adul\u021bi.\u00a0Probele la care \u0219i-au dat concursul participan\u021bii au fost atletism, bocce \u0219i aruncarea la co\u0219ul de baschet. Sub \u00eendrumarea a cinci antrenori \u0219i a...\" \/>\n<meta property=\"og:url\" content=\"https:\/\/motivation.ro\/en\/blog\/competitia-accesibilitate-maxima\/\" \/>\n<meta property=\"og:site_name\" content=\"Motivation Romania NGO\" \/>\n<meta property=\"article:publisher\" content=\"https:\/\/www.facebook.com\/FundatiaMotivationRomania\" \/>\n<meta property=\"article:published_time\" content=\"2012-10-31T09:50:41+00:00\" \/>\n<meta property=\"article:modified_time\" content=\"2015-12-15T09:51:18+00:00\" \/>\n<meta property=\"og:image\" content=\"http:\/\/www.motivation.ro\/en\/uploads\/images\/Stiri%20si%20evenimente\/accesib%20max.jpg\" \/>\n<meta name=\"author\" content=\"Alex Manaila\" \/>\n<meta name=\"twitter:card\" content=\"summary_large_image\" \/>\n<meta name=\"twitter:label1\" content=\"Written by\" \/>\n\t<meta name=\"twitter:data1\" content=\"Alex Manaila\" \/>\n\t<meta name=\"twitter:label2\" content=\"Est. reading time\" \/>\n\t<meta name=\"twitter:data2\" content=\"1 minute\" \/>\n<script type=\"application\/ld+json\" class=\"yoast-schema-graph\">{\"@context\":\"https:\/\/schema.org\",\"@graph\":[{\"@type\":\"Article\",\"@id\":\"https:\/\/motivation.ro\/en\/blog\/competitia-accesibilitate-maxima\/#article\",\"isPartOf\":{\"@id\":\"https:\/\/motivation.ro\/en\/blog\/competitia-accesibilitate-maxima\/\"},\"author\":{\"name\":\"Alex Manaila\",\"@id\":\"https:\/\/motivation.ro\/en\/#\/schema\/person\/2b528c2687a1264bedb8f1a33dbadf46\"},\"headline\":\"Competi\u021bia \u201dAccesibilitate Maxim\u0103\u201d\",\"datePublished\":\"2012-10-31T09:50:41+00:00\",\"dateModified\":\"2015-12-15T09:51:18+00:00\",\"mainEntityOfPage\":{\"@id\":\"https:\/\/motivation.ro\/en\/blog\/competitia-accesibilitate-maxima\/\"},\"wordCount\":123,\"commentCount\":0,\"publisher\":{\"@id\":\"https:\/\/motivation.ro\/en\/#organization\"},\"image\":{\"@id\":\"https:\/\/motivation.ro\/en\/blog\/competitia-accesibilitate-maxima\/#primaryimage\"},\"thumbnailUrl\":\"http:\/\/www.motivation.ro\/en\/uploads\/images\/Stiri%20si%20evenimente\/accesib%20max.jpg\",\"articleSection\":[\"News\"],\"inLanguage\":\"en-US\"},{\"@type\":\"WebPage\",\"@id\":\"https:\/\/motivation.ro\/en\/blog\/competitia-accesibilitate-maxima\/\",\"url\":\"https:\/\/motivation.ro\/en\/blog\/competitia-accesibilitate-maxima\/\",\"name\":\"Competi\u021bia \u201dAccesibilitate Maxim\u0103\u201d - Motivation Romania NGO\",\"isPartOf\":{\"@id\":\"https:\/\/motivation.ro\/en\/#website\"},\"primaryImageOfPage\":{\"@id\":\"https:\/\/motivation.ro\/en\/blog\/competitia-accesibilitate-maxima\/#primaryimage\"},\"image\":{\"@id\":\"https:\/\/motivation.ro\/en\/blog\/competitia-accesibilitate-maxima\/#primaryimage\"},\"thumbnailUrl\":\"http:\/\/www.motivation.ro\/en\/uploads\/images\/Stiri%20si%20evenimente\/accesib%20max.jpg\",\"datePublished\":\"2012-10-31T09:50:41+00:00\",\"dateModified\":\"2015-12-15T09:51:18+00:00\",\"breadcrumb\":{\"@id\":\"https:\/\/motivation.ro\/en\/blog\/competitia-accesibilitate-maxima\/#breadcrumb\"},\"inLanguage\":\"en-US\",\"potentialAction\":[{\"@type\":\"ReadAction\",\"target\":[\"https:\/\/motivation.ro\/en\/blog\/competitia-accesibilitate-maxima\/\"]}]},{\"@type\":\"ImageObject\",\"inLanguage\":\"en-US\",\"@id\":\"https:\/\/motivation.ro\/en\/blog\/competitia-accesibilitate-maxima\/#primaryimage\",\"url\":\"http:\/\/www.motivation.ro\/en\/uploads\/images\/Stiri%20si%20evenimente\/accesib%20max.jpg\",\"contentUrl\":\"http:\/\/www.motivation.ro\/en\/uploads\/images\/Stiri%20si%20evenimente\/accesib%20max.jpg\"},{\"@type\":\"BreadcrumbList\",\"@id\":\"https:\/\/motivation.ro\/en\/blog\/competitia-accesibilitate-maxima\/#breadcrumb\",\"itemListElement\":[{\"@type\":\"ListItem\",\"position\":1,\"name\":\"Home\",\"item\":\"https:\/\/motivation.ro\/en\/\"},{\"@type\":\"ListItem\",\"position\":2,\"name\":\"Competi\u021bia \u201dAccesibilitate Maxim\u0103\u201d\"}]},{\"@type\":\"WebSite\",\"@id\":\"https:\/\/motivation.ro\/en\/#website\",\"url\":\"https:\/\/motivation.ro\/en\/\",\"name\":\"Motivation Romania NGO\",\"description\":\"FMR\",\"publisher\":{\"@id\":\"https:\/\/motivation.ro\/en\/#organization\"},\"potentialAction\":[{\"@type\":\"SearchAction\",\"target\":{\"@type\":\"EntryPoint\",\"urlTemplate\":\"https:\/\/motivation.ro\/en\/?s={search_term_string}\"},\"query-input\":{\"@type\":\"PropertyValueSpecification\",\"valueRequired\":true,\"valueName\":\"search_term_string\"}}],\"inLanguage\":\"en-US\"},{\"@type\":\"Organization\",\"@id\":\"https:\/\/motivation.ro\/en\/#organization\",\"name\":\"Fundatia Motivation Romania\",\"url\":\"https:\/\/motivation.ro\/en\/\",\"logo\":{\"@type\":\"ImageObject\",\"inLanguage\":\"en-US\",\"@id\":\"https:\/\/motivation.ro\/en\/#\/schema\/logo\/image\/\",\"url\":\"https:\/\/motivation.ro\/en\/wp-content\/uploads\/sites\/10\/2015\/12\/logo_mot_shadow.png\",\"contentUrl\":\"https:\/\/motivation.ro\/en\/wp-content\/uploads\/sites\/10\/2015\/12\/logo_mot_shadow.png\",\"width\":350,\"height\":84,\"caption\":\"Fundatia Motivation Romania\"},\"image\":{\"@id\":\"https:\/\/motivation.ro\/en\/#\/schema\/logo\/image\/\"},\"sameAs\":[\"https:\/\/www.facebook.com\/FundatiaMotivationRomania\"]},{\"@type\":\"Person\",\"@id\":\"https:\/\/motivation.ro\/en\/#\/schema\/person\/2b528c2687a1264bedb8f1a33dbadf46\",\"name\":\"Alex Manaila\",\"image\":{\"@type\":\"ImageObject\",\"inLanguage\":\"en-US\",\"@id\":\"https:\/\/motivation.ro\/en\/#\/schema\/person\/image\/\",\"url\":\"https:\/\/secure.gravatar.com\/avatar\/3b5dee88890a6b4be734d8ef5ee9703677400244ce0125e34900f689f71dfb7a?s=96&d=mm&r=g\",\"contentUrl\":\"https:\/\/secure.gravatar.com\/avatar\/3b5dee88890a6b4be734d8ef5ee9703677400244ce0125e34900f689f71dfb7a?s=96&d=mm&r=g\",\"caption\":\"Alex Manaila\"},\"url\":\"https:\/\/motivation.ro\/en\/blog\/author\/alexm\/\"}]}<\/script>\n<!-- \/ Yoast SEO plugin. -->","yoast_head_json":{"title":"Competi\u021bia \u201dAccesibilitate Maxim\u0103\u201d - Motivation Romania NGO","robots":{"index":"index","follow":"follow","max-snippet":"max-snippet:-1","max-image-preview":"max-image-preview:large","max-video-preview":"max-video-preview:-1"},"canonical":"https:\/\/motivation.ro\/en\/blog\/competitia-accesibilitate-maxima\/","og_locale":"en_US","og_type":"article","og_title":"Competi\u021bia \u201dAccesibilitate Maxim\u0103\u201d - Motivation Romania NGO","og_description":"30 octombrie 2012. Echipa Motivation Sibiu a organizat la Sala Transilvania din Sibiu, competi\u021bia Accesibilitate Maxim\u0103. La eveniment s-au \u00eenscris 11 iubitori de sport din categoria persoanelor cu dizabilit\u0103\u021bi, copii \u0219i adul\u021bi.\u00a0Probele la care \u0219i-au dat concursul participan\u021bii au fost atletism, bocce \u0219i aruncarea la co\u0219ul de baschet. Sub \u00eendrumarea a cinci antrenori \u0219i a...","og_url":"https:\/\/motivation.ro\/en\/blog\/competitia-accesibilitate-maxima\/","og_site_name":"Motivation Romania NGO","article_publisher":"https:\/\/www.facebook.com\/FundatiaMotivationRomania","article_published_time":"2012-10-31T09:50:41+00:00","article_modified_time":"2015-12-15T09:51:18+00:00","og_image":[{"url":"http:\/\/www.motivation.ro\/en\/uploads\/images\/Stiri%20si%20evenimente\/accesib%20max.jpg","type":"","width":"","height":""}],"author":"Alex Manaila","twitter_card":"summary_large_image","twitter_misc":{"Written by":"Alex Manaila","Est. reading time":"1 minute"},"schema":{"@context":"https:\/\/schema.org","@graph":[{"@type":"Article","@id":"https:\/\/motivation.ro\/en\/blog\/competitia-accesibilitate-maxima\/#article","isPartOf":{"@id":"https:\/\/motivation.ro\/en\/blog\/competitia-accesibilitate-maxima\/"},"author":{"name":"Alex Manaila","@id":"https:\/\/motivation.ro\/en\/#\/schema\/person\/2b528c2687a1264bedb8f1a33dbadf46"},"headline":"Competi\u021bia \u201dAccesibilitate Maxim\u0103\u201d","datePublished":"2012-10-31T09:50:41+00:00","dateModified":"2015-12-15T09:51:18+00:00","mainEntityOfPage":{"@id":"https:\/\/motivation.ro\/en\/blog\/competitia-accesibilitate-maxima\/"},"wordCount":123,"commentCount":0,"publisher":{"@id":"https:\/\/motivation.ro\/en\/#organization"},"image":{"@id":"https:\/\/motivation.ro\/en\/blog\/competitia-accesibilitate-maxima\/#primaryimage"},"thumbnailUrl":"http:\/\/www.motivation.ro\/en\/uploads\/images\/Stiri%20si%20evenimente\/accesib%20max.jpg","articleSection":["News"],"inLanguage":"en-US"},{"@type":"WebPage","@id":"https:\/\/motivation.ro\/en\/blog\/competitia-accesibilitate-maxima\/","url":"https:\/\/motivation.ro\/en\/blog\/competitia-accesibilitate-maxima\/","name":"Competi\u021bia \u201dAccesibilitate Maxim\u0103\u201d - Motivation Romania NGO","isPartOf":{"@id":"https:\/\/motivation.ro\/en\/#website"},"primaryImageOfPage":{"@id":"https:\/\/motivation.ro\/en\/blog\/competitia-accesibilitate-maxima\/#primaryimage"},"image":{"@id":"https:\/\/motivation.ro\/en\/blog\/competitia-accesibilitate-maxima\/#primaryimage"},"thumbnailUrl":"http:\/\/www.motivation.ro\/en\/uploads\/images\/Stiri%20si%20evenimente\/accesib%20max.jpg","datePublished":"2012-10-31T09:50:41+00:00","dateModified":"2015-12-15T09:51:18+00:00","breadcrumb":{"@id":"https:\/\/motivation.ro\/en\/blog\/competitia-accesibilitate-maxima\/#breadcrumb"},"inLanguage":"en-US","potentialAction":[{"@type":"ReadAction","target":["https:\/\/motivation.ro\/en\/blog\/competitia-accesibilitate-maxima\/"]}]},{"@type":"ImageObject","inLanguage":"en-US","@id":"https:\/\/motivation.ro\/en\/blog\/competitia-accesibilitate-maxima\/#primaryimage","url":"http:\/\/www.motivation.ro\/en\/uploads\/images\/Stiri%20si%20evenimente\/accesib%20max.jpg","contentUrl":"http:\/\/www.motivation.ro\/en\/uploads\/images\/Stiri%20si%20evenimente\/accesib%20max.jpg"},{"@type":"BreadcrumbList","@id":"https:\/\/motivation.ro\/en\/blog\/competitia-accesibilitate-maxima\/#breadcrumb","itemListElement":[{"@type":"ListItem","position":1,"name":"Home","item":"https:\/\/motivation.ro\/en\/"},{"@type":"ListItem","position":2,"name":"Competi\u021bia \u201dAccesibilitate Maxim\u0103\u201d"}]},{"@type":"WebSite","@id":"https:\/\/motivation.ro\/en\/#website","url":"https:\/\/motivation.ro\/en\/","name":"Motivation Romania NGO","description":"FMR","publisher":{"@id":"https:\/\/motivation.ro\/en\/#organization"},"potentialAction":[{"@type":"SearchAction","target":{"@type":"EntryPoint","urlTemplate":"https:\/\/motivation.ro\/en\/?s={search_term_string}"},"query-input":{"@type":"PropertyValueSpecification","valueRequired":true,"valueName":"search_term_string"}}],"inLanguage":"en-US"},{"@type":"Organization","@id":"https:\/\/motivation.ro\/en\/#organization","name":"Fundatia Motivation Romania","url":"https:\/\/motivation.ro\/en\/","logo":{"@type":"ImageObject","inLanguage":"en-US","@id":"https:\/\/motivation.ro\/en\/#\/schema\/logo\/image\/","url":"https:\/\/motivation.ro\/en\/wp-content\/uploads\/sites\/10\/2015\/12\/logo_mot_shadow.png","contentUrl":"https:\/\/motivation.ro\/en\/wp-content\/uploads\/sites\/10\/2015\/12\/logo_mot_shadow.png","width":350,"height":84,"caption":"Fundatia Motivation Romania"},"image":{"@id":"https:\/\/motivation.ro\/en\/#\/schema\/logo\/image\/"},"sameAs":["https:\/\/www.facebook.com\/FundatiaMotivationRomania"]},{"@type":"Person","@id":"https:\/\/motivation.ro\/en\/#\/schema\/person\/2b528c2687a1264bedb8f1a33dbadf46","name":"Alex Manaila","image":{"@type":"ImageObject","inLanguage":"en-US","@id":"https:\/\/motivation.ro\/en\/#\/schema\/person\/image\/","url":"https:\/\/secure.gravatar.com\/avatar\/3b5dee88890a6b4be734d8ef5ee9703677400244ce0125e34900f689f71dfb7a?s=96&d=mm&r=g","contentUrl":"https:\/\/secure.gravatar.com\/avatar\/3b5dee88890a6b4be734d8ef5ee9703677400244ce0125e34900f689f71dfb7a?s=96&d=mm&r=g","caption":"Alex Manaila"},"url":"https:\/\/motivation.ro\/en\/blog\/author\/alexm\/"}]}},"_links":{"self":[{"href":"https:\/\/motivation.ro\/en\/wp-json\/wp\/v2\/posts\/533","targetHints":{"allow":["GET"]}}],"collection":[{"href":"https:\/\/motivation.ro\/en\/wp-json\/wp\/v2\/posts"}],"about":[{"href":"https:\/\/motivation.ro\/en\/wp-json\/wp\/v2\/types\/post"}],"author":[{"embeddable":true,"href":"https:\/\/motivation.ro\/en\/wp-json\/wp\/v2\/users\/1"}],"replies":[{"embeddable":true,"href":"https:\/\/motivation.ro\/en\/wp-json\/wp\/v2\/comments?post=533"}],"version-history":[{"count":1,"href":"https:\/\/motivation.ro\/en\/wp-json\/wp\/v2\/posts\/533\/revisions"}],"predecessor-version":[{"id":534,"href":"https:\/\/motivation.ro\/en\/wp-json\/wp\/v2\/posts\/533\/revisions\/534"}],"wp:attachment":[{"href":"https:\/\/motivation.ro\/en\/wp-json\/wp\/v2\/media?parent=533"}],"wp:term":[{"taxonomy":"category","embeddable":true,"href":"https:\/\/motivation.ro\/en\/wp-json\/wp\/v2\/categories?post=533"},{"taxonomy":"post_tag","embeddable":true,"href":"https:\/\/motivation.ro\/en\/wp-json\/wp\/v2\/tags?post=533"}],"curies":[{"name":"wp","href":"https:\/\/api.w.org\/{rel}","templated":true}]}}