{"id":666,"date":"2013-03-25T11:33:43","date_gmt":"2013-03-25T11:33:43","guid":{"rendered":"http:\/\/motivation.ro\/en\/?p=666"},"modified":"2015-12-15T11:34:26","modified_gmt":"2015-12-15T11:34:26","slug":"consiliere-la-bran","status":"publish","type":"post","link":"https:\/\/motivation.ro\/en\/blog\/consiliere-la-bran\/","title":{"rendered":"Consiliere la Bran"},"content":{"rendered":"<style type=\"text\/css\"><\/style><p>Opt beneficiari ai serviciilor de consiliere oferite de echipa Ilfov a Funda\u021biei Motivation au petrecut trei zile la Bran, al\u0103turi de psihologul care i-a sf\u0103tuit de la \u00eenceputul programului. Participan\u021bii s-au destins, departe de cas\u0103 \u0219i au avut ocazia s\u0103 \u00eemp\u0103rt\u0103\u0219easc\u0103 din experien\u021bele lor, s\u0103 discute despre problemele care \u00eei fr\u0103m\u00e2ntau. \u00cen cele trei zile, participan\u021bii au luat parte \u0219i la jocuri interactive, menite s\u0103 le \u00eembun\u0103t\u0103\u021beasc\u0103 abilit\u0103\u021bile de comunicare \u0219i capacitatea de a lucra \u00een echip\u0103. Ac\u021biunea a avut loc \u00een perioada 22-24 martie, \u00een cadrul proiectului \u201dRo\u021bile Schimb\u0103rii \u2013 c\u0103tre servicii adecvate pentru utilizatorii de scaun rulant din Rom\u00e2nia\u201d, finan\u021bat de USAID.<\/p>\n<p><img fetchpriority=\"high\" decoding=\"async\" src=\"http:\/\/www.motivation.ro\/en\/uploads\/images\/Stiri%20si%20evenimente\/foto_bran_crop.jpg\" alt=\"\" width=\"500\" height=\"403\" \/><\/p>\n","protected":false},"excerpt":{"rendered":"<p>Opt beneficiari ai serviciilor de consiliere oferite de echipa Ilfov a Funda\u021biei Motivation au petrecut trei zile la Bran, al\u0103turi de psihologul care i-a sf\u0103tuit de la \u00eenceputul programului. Participan\u021bii s-au destins, departe de cas\u0103 \u0219i au avut ocazia s\u0103 \u00eemp\u0103rt\u0103\u0219easc\u0103 din experien\u021bele lor, s\u0103 discute despre problemele care \u00eei fr\u0103m\u00e2ntau. \u00cen cele trei zile,&#8230;<\/p>\n","protected":false},"author":1,"featured_media":0,"comment_status":"open","ping_status":"open","sticky":false,"template":"","format":"standard","meta":{"footnotes":""},"categories":[4],"tags":[],"class_list":["post-666","post","type-post","status-publish","format-standard","hentry","category-news"],"yoast_head":"<!-- This site is optimized with the Yoast SEO plugin v27.1.1 - https:\/\/yoast.com\/product\/yoast-seo-wordpress\/ -->\n<title>Consiliere la Bran - Motivation Romania NGO<\/title>\n<meta name=\"robots\" content=\"index, follow, max-snippet:-1, max-image-preview:large, max-video-preview:-1\" \/>\n<link rel=\"canonical\" href=\"https:\/\/motivation.ro\/en\/blog\/consiliere-la-bran\/\" \/>\n<meta property=\"og:locale\" content=\"en_US\" \/>\n<meta property=\"og:type\" content=\"article\" \/>\n<meta property=\"og:title\" content=\"Consiliere la Bran - Motivation Romania NGO\" \/>\n<meta property=\"og:description\" content=\"Opt beneficiari ai serviciilor de consiliere oferite de echipa Ilfov a Funda\u021biei Motivation au petrecut trei zile la Bran, al\u0103turi de psihologul care i-a sf\u0103tuit de la \u00eenceputul programului. Participan\u021bii s-au destins, departe de cas\u0103 \u0219i au avut ocazia s\u0103 \u00eemp\u0103rt\u0103\u0219easc\u0103 din experien\u021bele lor, s\u0103 discute despre problemele care \u00eei fr\u0103m\u00e2ntau. \u00cen cele trei zile,...\" \/>\n<meta property=\"og:url\" content=\"https:\/\/motivation.ro\/en\/blog\/consiliere-la-bran\/\" \/>\n<meta property=\"og:site_name\" content=\"Motivation Romania NGO\" \/>\n<meta property=\"article:publisher\" content=\"https:\/\/www.facebook.com\/FundatiaMotivationRomania\" \/>\n<meta property=\"article:published_time\" content=\"2013-03-25T11:33:43+00:00\" \/>\n<meta property=\"article:modified_time\" content=\"2015-12-15T11:34:26+00:00\" \/>\n<meta property=\"og:image\" content=\"http:\/\/www.motivation.ro\/en\/uploads\/images\/Stiri%20si%20evenimente\/foto_bran_crop.jpg\" \/>\n<meta name=\"author\" content=\"Alex Manaila\" \/>\n<meta name=\"twitter:card\" content=\"summary_large_image\" \/>\n<meta name=\"twitter:label1\" content=\"Written by\" \/>\n\t<meta name=\"twitter:data1\" content=\"Alex Manaila\" \/>\n\t<meta name=\"twitter:label2\" content=\"Est. reading time\" \/>\n\t<meta name=\"twitter:data2\" content=\"1 minute\" \/>\n<script type=\"application\/ld+json\" class=\"yoast-schema-graph\">{\"@context\":\"https:\/\/schema.org\",\"@graph\":[{\"@type\":\"Article\",\"@id\":\"https:\/\/motivation.ro\/en\/blog\/consiliere-la-bran\/#article\",\"isPartOf\":{\"@id\":\"https:\/\/motivation.ro\/en\/blog\/consiliere-la-bran\/\"},\"author\":{\"name\":\"Alex Manaila\",\"@id\":\"https:\/\/motivation.ro\/en\/#\/schema\/person\/2b528c2687a1264bedb8f1a33dbadf46\"},\"headline\":\"Consiliere la Bran\",\"datePublished\":\"2013-03-25T11:33:43+00:00\",\"dateModified\":\"2015-12-15T11:34:26+00:00\",\"mainEntityOfPage\":{\"@id\":\"https:\/\/motivation.ro\/en\/blog\/consiliere-la-bran\/\"},\"wordCount\":125,\"commentCount\":0,\"publisher\":{\"@id\":\"https:\/\/motivation.ro\/en\/#organization\"},\"image\":{\"@id\":\"https:\/\/motivation.ro\/en\/blog\/consiliere-la-bran\/#primaryimage\"},\"thumbnailUrl\":\"http:\/\/www.motivation.ro\/en\/uploads\/images\/Stiri%20si%20evenimente\/foto_bran_crop.jpg\",\"articleSection\":[\"News\"],\"inLanguage\":\"en-US\"},{\"@type\":\"WebPage\",\"@id\":\"https:\/\/motivation.ro\/en\/blog\/consiliere-la-bran\/\",\"url\":\"https:\/\/motivation.ro\/en\/blog\/consiliere-la-bran\/\",\"name\":\"Consiliere la Bran - Motivation Romania NGO\",\"isPartOf\":{\"@id\":\"https:\/\/motivation.ro\/en\/#website\"},\"primaryImageOfPage\":{\"@id\":\"https:\/\/motivation.ro\/en\/blog\/consiliere-la-bran\/#primaryimage\"},\"image\":{\"@id\":\"https:\/\/motivation.ro\/en\/blog\/consiliere-la-bran\/#primaryimage\"},\"thumbnailUrl\":\"http:\/\/www.motivation.ro\/en\/uploads\/images\/Stiri%20si%20evenimente\/foto_bran_crop.jpg\",\"datePublished\":\"2013-03-25T11:33:43+00:00\",\"dateModified\":\"2015-12-15T11:34:26+00:00\",\"breadcrumb\":{\"@id\":\"https:\/\/motivation.ro\/en\/blog\/consiliere-la-bran\/#breadcrumb\"},\"inLanguage\":\"en-US\",\"potentialAction\":[{\"@type\":\"ReadAction\",\"target\":[\"https:\/\/motivation.ro\/en\/blog\/consiliere-la-bran\/\"]}]},{\"@type\":\"ImageObject\",\"inLanguage\":\"en-US\",\"@id\":\"https:\/\/motivation.ro\/en\/blog\/consiliere-la-bran\/#primaryimage\",\"url\":\"http:\/\/www.motivation.ro\/en\/uploads\/images\/Stiri%20si%20evenimente\/foto_bran_crop.jpg\",\"contentUrl\":\"http:\/\/www.motivation.ro\/en\/uploads\/images\/Stiri%20si%20evenimente\/foto_bran_crop.jpg\"},{\"@type\":\"BreadcrumbList\",\"@id\":\"https:\/\/motivation.ro\/en\/blog\/consiliere-la-bran\/#breadcrumb\",\"itemListElement\":[{\"@type\":\"ListItem\",\"position\":1,\"name\":\"Home\",\"item\":\"https:\/\/motivation.ro\/en\/\"},{\"@type\":\"ListItem\",\"position\":2,\"name\":\"Consiliere la Bran\"}]},{\"@type\":\"WebSite\",\"@id\":\"https:\/\/motivation.ro\/en\/#website\",\"url\":\"https:\/\/motivation.ro\/en\/\",\"name\":\"Motivation Romania NGO\",\"description\":\"FMR\",\"publisher\":{\"@id\":\"https:\/\/motivation.ro\/en\/#organization\"},\"potentialAction\":[{\"@type\":\"SearchAction\",\"target\":{\"@type\":\"EntryPoint\",\"urlTemplate\":\"https:\/\/motivation.ro\/en\/?s={search_term_string}\"},\"query-input\":{\"@type\":\"PropertyValueSpecification\",\"valueRequired\":true,\"valueName\":\"search_term_string\"}}],\"inLanguage\":\"en-US\"},{\"@type\":\"Organization\",\"@id\":\"https:\/\/motivation.ro\/en\/#organization\",\"name\":\"Fundatia Motivation Romania\",\"url\":\"https:\/\/motivation.ro\/en\/\",\"logo\":{\"@type\":\"ImageObject\",\"inLanguage\":\"en-US\",\"@id\":\"https:\/\/motivation.ro\/en\/#\/schema\/logo\/image\/\",\"url\":\"https:\/\/motivation.ro\/en\/wp-content\/uploads\/sites\/10\/2015\/12\/logo_mot_shadow.png\",\"contentUrl\":\"https:\/\/motivation.ro\/en\/wp-content\/uploads\/sites\/10\/2015\/12\/logo_mot_shadow.png\",\"width\":350,\"height\":84,\"caption\":\"Fundatia Motivation Romania\"},\"image\":{\"@id\":\"https:\/\/motivation.ro\/en\/#\/schema\/logo\/image\/\"},\"sameAs\":[\"https:\/\/www.facebook.com\/FundatiaMotivationRomania\"]},{\"@type\":\"Person\",\"@id\":\"https:\/\/motivation.ro\/en\/#\/schema\/person\/2b528c2687a1264bedb8f1a33dbadf46\",\"name\":\"Alex Manaila\",\"image\":{\"@type\":\"ImageObject\",\"inLanguage\":\"en-US\",\"@id\":\"https:\/\/motivation.ro\/en\/#\/schema\/person\/image\/\",\"url\":\"https:\/\/secure.gravatar.com\/avatar\/3b5dee88890a6b4be734d8ef5ee9703677400244ce0125e34900f689f71dfb7a?s=96&d=mm&r=g\",\"contentUrl\":\"https:\/\/secure.gravatar.com\/avatar\/3b5dee88890a6b4be734d8ef5ee9703677400244ce0125e34900f689f71dfb7a?s=96&d=mm&r=g\",\"caption\":\"Alex Manaila\"},\"url\":\"https:\/\/motivation.ro\/en\/blog\/author\/alexm\/\"}]}<\/script>\n<!-- \/ Yoast SEO plugin. -->","yoast_head_json":{"title":"Consiliere la Bran - Motivation Romania NGO","robots":{"index":"index","follow":"follow","max-snippet":"max-snippet:-1","max-image-preview":"max-image-preview:large","max-video-preview":"max-video-preview:-1"},"canonical":"https:\/\/motivation.ro\/en\/blog\/consiliere-la-bran\/","og_locale":"en_US","og_type":"article","og_title":"Consiliere la Bran - Motivation Romania NGO","og_description":"Opt beneficiari ai serviciilor de consiliere oferite de echipa Ilfov a Funda\u021biei Motivation au petrecut trei zile la Bran, al\u0103turi de psihologul care i-a sf\u0103tuit de la \u00eenceputul programului. Participan\u021bii s-au destins, departe de cas\u0103 \u0219i au avut ocazia s\u0103 \u00eemp\u0103rt\u0103\u0219easc\u0103 din experien\u021bele lor, s\u0103 discute despre problemele care \u00eei fr\u0103m\u00e2ntau. \u00cen cele trei zile,...","og_url":"https:\/\/motivation.ro\/en\/blog\/consiliere-la-bran\/","og_site_name":"Motivation Romania NGO","article_publisher":"https:\/\/www.facebook.com\/FundatiaMotivationRomania","article_published_time":"2013-03-25T11:33:43+00:00","article_modified_time":"2015-12-15T11:34:26+00:00","og_image":[{"url":"http:\/\/www.motivation.ro\/en\/uploads\/images\/Stiri%20si%20evenimente\/foto_bran_crop.jpg","type":"","width":"","height":""}],"author":"Alex Manaila","twitter_card":"summary_large_image","twitter_misc":{"Written by":"Alex Manaila","Est. reading time":"1 minute"},"schema":{"@context":"https:\/\/schema.org","@graph":[{"@type":"Article","@id":"https:\/\/motivation.ro\/en\/blog\/consiliere-la-bran\/#article","isPartOf":{"@id":"https:\/\/motivation.ro\/en\/blog\/consiliere-la-bran\/"},"author":{"name":"Alex Manaila","@id":"https:\/\/motivation.ro\/en\/#\/schema\/person\/2b528c2687a1264bedb8f1a33dbadf46"},"headline":"Consiliere la Bran","datePublished":"2013-03-25T11:33:43+00:00","dateModified":"2015-12-15T11:34:26+00:00","mainEntityOfPage":{"@id":"https:\/\/motivation.ro\/en\/blog\/consiliere-la-bran\/"},"wordCount":125,"commentCount":0,"publisher":{"@id":"https:\/\/motivation.ro\/en\/#organization"},"image":{"@id":"https:\/\/motivation.ro\/en\/blog\/consiliere-la-bran\/#primaryimage"},"thumbnailUrl":"http:\/\/www.motivation.ro\/en\/uploads\/images\/Stiri%20si%20evenimente\/foto_bran_crop.jpg","articleSection":["News"],"inLanguage":"en-US"},{"@type":"WebPage","@id":"https:\/\/motivation.ro\/en\/blog\/consiliere-la-bran\/","url":"https:\/\/motivation.ro\/en\/blog\/consiliere-la-bran\/","name":"Consiliere la Bran - Motivation Romania NGO","isPartOf":{"@id":"https:\/\/motivation.ro\/en\/#website"},"primaryImageOfPage":{"@id":"https:\/\/motivation.ro\/en\/blog\/consiliere-la-bran\/#primaryimage"},"image":{"@id":"https:\/\/motivation.ro\/en\/blog\/consiliere-la-bran\/#primaryimage"},"thumbnailUrl":"http:\/\/www.motivation.ro\/en\/uploads\/images\/Stiri%20si%20evenimente\/foto_bran_crop.jpg","datePublished":"2013-03-25T11:33:43+00:00","dateModified":"2015-12-15T11:34:26+00:00","breadcrumb":{"@id":"https:\/\/motivation.ro\/en\/blog\/consiliere-la-bran\/#breadcrumb"},"inLanguage":"en-US","potentialAction":[{"@type":"ReadAction","target":["https:\/\/motivation.ro\/en\/blog\/consiliere-la-bran\/"]}]},{"@type":"ImageObject","inLanguage":"en-US","@id":"https:\/\/motivation.ro\/en\/blog\/consiliere-la-bran\/#primaryimage","url":"http:\/\/www.motivation.ro\/en\/uploads\/images\/Stiri%20si%20evenimente\/foto_bran_crop.jpg","contentUrl":"http:\/\/www.motivation.ro\/en\/uploads\/images\/Stiri%20si%20evenimente\/foto_bran_crop.jpg"},{"@type":"BreadcrumbList","@id":"https:\/\/motivation.ro\/en\/blog\/consiliere-la-bran\/#breadcrumb","itemListElement":[{"@type":"ListItem","position":1,"name":"Home","item":"https:\/\/motivation.ro\/en\/"},{"@type":"ListItem","position":2,"name":"Consiliere la Bran"}]},{"@type":"WebSite","@id":"https:\/\/motivation.ro\/en\/#website","url":"https:\/\/motivation.ro\/en\/","name":"Motivation Romania NGO","description":"FMR","publisher":{"@id":"https:\/\/motivation.ro\/en\/#organization"},"potentialAction":[{"@type":"SearchAction","target":{"@type":"EntryPoint","urlTemplate":"https:\/\/motivation.ro\/en\/?s={search_term_string}"},"query-input":{"@type":"PropertyValueSpecification","valueRequired":true,"valueName":"search_term_string"}}],"inLanguage":"en-US"},{"@type":"Organization","@id":"https:\/\/motivation.ro\/en\/#organization","name":"Fundatia Motivation Romania","url":"https:\/\/motivation.ro\/en\/","logo":{"@type":"ImageObject","inLanguage":"en-US","@id":"https:\/\/motivation.ro\/en\/#\/schema\/logo\/image\/","url":"https:\/\/motivation.ro\/en\/wp-content\/uploads\/sites\/10\/2015\/12\/logo_mot_shadow.png","contentUrl":"https:\/\/motivation.ro\/en\/wp-content\/uploads\/sites\/10\/2015\/12\/logo_mot_shadow.png","width":350,"height":84,"caption":"Fundatia Motivation Romania"},"image":{"@id":"https:\/\/motivation.ro\/en\/#\/schema\/logo\/image\/"},"sameAs":["https:\/\/www.facebook.com\/FundatiaMotivationRomania"]},{"@type":"Person","@id":"https:\/\/motivation.ro\/en\/#\/schema\/person\/2b528c2687a1264bedb8f1a33dbadf46","name":"Alex Manaila","image":{"@type":"ImageObject","inLanguage":"en-US","@id":"https:\/\/motivation.ro\/en\/#\/schema\/person\/image\/","url":"https:\/\/secure.gravatar.com\/avatar\/3b5dee88890a6b4be734d8ef5ee9703677400244ce0125e34900f689f71dfb7a?s=96&d=mm&r=g","contentUrl":"https:\/\/secure.gravatar.com\/avatar\/3b5dee88890a6b4be734d8ef5ee9703677400244ce0125e34900f689f71dfb7a?s=96&d=mm&r=g","caption":"Alex Manaila"},"url":"https:\/\/motivation.ro\/en\/blog\/author\/alexm\/"}]}},"_links":{"self":[{"href":"https:\/\/motivation.ro\/en\/wp-json\/wp\/v2\/posts\/666","targetHints":{"allow":["GET"]}}],"collection":[{"href":"https:\/\/motivation.ro\/en\/wp-json\/wp\/v2\/posts"}],"about":[{"href":"https:\/\/motivation.ro\/en\/wp-json\/wp\/v2\/types\/post"}],"author":[{"embeddable":true,"href":"https:\/\/motivation.ro\/en\/wp-json\/wp\/v2\/users\/1"}],"replies":[{"embeddable":true,"href":"https:\/\/motivation.ro\/en\/wp-json\/wp\/v2\/comments?post=666"}],"version-history":[{"count":1,"href":"https:\/\/motivation.ro\/en\/wp-json\/wp\/v2\/posts\/666\/revisions"}],"predecessor-version":[{"id":667,"href":"https:\/\/motivation.ro\/en\/wp-json\/wp\/v2\/posts\/666\/revisions\/667"}],"wp:attachment":[{"href":"https:\/\/motivation.ro\/en\/wp-json\/wp\/v2\/media?parent=666"}],"wp:term":[{"taxonomy":"category","embeddable":true,"href":"https:\/\/motivation.ro\/en\/wp-json\/wp\/v2\/categories?post=666"},{"taxonomy":"post_tag","embeddable":true,"href":"https:\/\/motivation.ro\/en\/wp-json\/wp\/v2\/tags?post=666"}],"curies":[{"name":"wp","href":"https:\/\/api.w.org\/{rel}","templated":true}]}}