{"id":706,"date":"2013-04-16T11:46:18","date_gmt":"2013-04-16T11:46:18","guid":{"rendered":"http:\/\/motivation.ro\/en\/?p=706"},"modified":"2015-12-15T11:46:45","modified_gmt":"2015-12-15T11:46:45","slug":"intalnire-a-participantilor-la-grupurile-de-suport","status":"publish","type":"post","link":"https:\/\/motivation.ro\/en\/blog\/intalnire-a-participantilor-la-grupurile-de-suport\/","title":{"rendered":"\u00cent\u00e2lnire a participan\u021bilor la grupurile de suport"},"content":{"rendered":"<style type=\"text\/css\"><\/style><div id=\"NewsPostDetailSummary\">\n<p><strong>Consiliere la Moneasa<\/strong><\/p>\n<\/div>\n<div id=\"NewsPostDetailContent\">\n<p>A venit r\u00e2ndul beneficiarilor din Timi\u0219oara s\u0103 petreac\u0103 trei zile departe de cas\u0103, \u00een compania echipei Motivation Timi\u0219 \u0219i a unui psiholog. \u0218apte persoane cu dizabilit\u0103\u021bi locomotorii au luat parte \u00een perioada 13-15 aprilie la \u00eent\u00e2lnirea organizat\u0103 la Moneasa. Aici s-au implicat \u00een discu\u021bii \u0219i jocuri care i-au ajutat s\u0103 vorbeasc\u0103 despre dificult\u0103\u021bile pe care le \u00eent\u00e2mpin\u0103 \u0219i s\u0103 g\u0103seasc\u0103 solu\u021bii pentru ele. \u00cen acela\u0219i timp, au avut prilejul s\u0103 \u00eenve\u021be din experien\u021ba altor persoane aflate \u00een situa\u021bii similare \u0219i s\u0103 \u00ee\u0219i \u00eembun\u0103t\u0103\u021beasc\u0103 abilit\u0103\u021bile de comunicare \u0219i rela\u021bionare.<\/p>\n<\/div>\n","protected":false},"excerpt":{"rendered":"<p>Consiliere la Moneasa A venit r\u00e2ndul beneficiarilor din Timi\u0219oara s\u0103 petreac\u0103 trei zile departe de cas\u0103, \u00een compania echipei Motivation Timi\u0219 \u0219i a unui psiholog. \u0218apte persoane cu dizabilit\u0103\u021bi locomotorii au luat parte \u00een perioada 13-15 aprilie la \u00eent\u00e2lnirea organizat\u0103 la Moneasa. Aici s-au implicat \u00een discu\u021bii \u0219i jocuri care i-au ajutat s\u0103 vorbeasc\u0103 despre&#8230;<\/p>\n","protected":false},"author":1,"featured_media":0,"comment_status":"open","ping_status":"open","sticky":false,"template":"","format":"standard","meta":{"footnotes":""},"categories":[4],"tags":[],"class_list":["post-706","post","type-post","status-publish","format-standard","hentry","category-news"],"yoast_head":"<!-- This site is optimized with the Yoast SEO plugin v27.1.1 - https:\/\/yoast.com\/product\/yoast-seo-wordpress\/ -->\n<title>\u00cent\u00e2lnire a participan\u021bilor la grupurile de suport - Motivation Romania NGO<\/title>\n<meta name=\"robots\" content=\"index, follow, max-snippet:-1, max-image-preview:large, max-video-preview:-1\" \/>\n<link rel=\"canonical\" href=\"https:\/\/motivation.ro\/en\/blog\/intalnire-a-participantilor-la-grupurile-de-suport\/\" \/>\n<meta property=\"og:locale\" content=\"en_US\" \/>\n<meta property=\"og:type\" content=\"article\" \/>\n<meta property=\"og:title\" content=\"\u00cent\u00e2lnire a participan\u021bilor la grupurile de suport - Motivation Romania NGO\" \/>\n<meta property=\"og:description\" content=\"Consiliere la Moneasa A venit r\u00e2ndul beneficiarilor din Timi\u0219oara s\u0103 petreac\u0103 trei zile departe de cas\u0103, \u00een compania echipei Motivation Timi\u0219 \u0219i a unui psiholog. \u0218apte persoane cu dizabilit\u0103\u021bi locomotorii au luat parte \u00een perioada 13-15 aprilie la \u00eent\u00e2lnirea organizat\u0103 la Moneasa. Aici s-au implicat \u00een discu\u021bii \u0219i jocuri care i-au ajutat s\u0103 vorbeasc\u0103 despre...\" \/>\n<meta property=\"og:url\" content=\"https:\/\/motivation.ro\/en\/blog\/intalnire-a-participantilor-la-grupurile-de-suport\/\" \/>\n<meta property=\"og:site_name\" content=\"Motivation Romania NGO\" \/>\n<meta property=\"article:publisher\" content=\"https:\/\/www.facebook.com\/FundatiaMotivationRomania\" \/>\n<meta property=\"article:published_time\" content=\"2013-04-16T11:46:18+00:00\" \/>\n<meta property=\"article:modified_time\" content=\"2015-12-15T11:46:45+00:00\" \/>\n<meta name=\"author\" content=\"Alex Manaila\" \/>\n<meta name=\"twitter:card\" content=\"summary_large_image\" \/>\n<meta name=\"twitter:label1\" content=\"Written by\" \/>\n\t<meta name=\"twitter:data1\" content=\"Alex Manaila\" \/>\n\t<meta name=\"twitter:label2\" content=\"Est. reading time\" \/>\n\t<meta name=\"twitter:data2\" content=\"1 minute\" \/>\n<script type=\"application\/ld+json\" class=\"yoast-schema-graph\">{\"@context\":\"https:\/\/schema.org\",\"@graph\":[{\"@type\":\"Article\",\"@id\":\"https:\/\/motivation.ro\/en\/blog\/intalnire-a-participantilor-la-grupurile-de-suport\/#article\",\"isPartOf\":{\"@id\":\"https:\/\/motivation.ro\/en\/blog\/intalnire-a-participantilor-la-grupurile-de-suport\/\"},\"author\":{\"name\":\"Alex Manaila\",\"@id\":\"https:\/\/motivation.ro\/en\/#\/schema\/person\/2b528c2687a1264bedb8f1a33dbadf46\"},\"headline\":\"\u00cent\u00e2lnire a participan\u021bilor la grupurile de suport\",\"datePublished\":\"2013-04-16T11:46:18+00:00\",\"dateModified\":\"2015-12-15T11:46:45+00:00\",\"mainEntityOfPage\":{\"@id\":\"https:\/\/motivation.ro\/en\/blog\/intalnire-a-participantilor-la-grupurile-de-suport\/\"},\"wordCount\":117,\"commentCount\":0,\"publisher\":{\"@id\":\"https:\/\/motivation.ro\/en\/#organization\"},\"articleSection\":[\"News\"],\"inLanguage\":\"en-US\"},{\"@type\":\"WebPage\",\"@id\":\"https:\/\/motivation.ro\/en\/blog\/intalnire-a-participantilor-la-grupurile-de-suport\/\",\"url\":\"https:\/\/motivation.ro\/en\/blog\/intalnire-a-participantilor-la-grupurile-de-suport\/\",\"name\":\"\u00cent\u00e2lnire a participan\u021bilor la grupurile de suport - Motivation Romania NGO\",\"isPartOf\":{\"@id\":\"https:\/\/motivation.ro\/en\/#website\"},\"datePublished\":\"2013-04-16T11:46:18+00:00\",\"dateModified\":\"2015-12-15T11:46:45+00:00\",\"breadcrumb\":{\"@id\":\"https:\/\/motivation.ro\/en\/blog\/intalnire-a-participantilor-la-grupurile-de-suport\/#breadcrumb\"},\"inLanguage\":\"en-US\",\"potentialAction\":[{\"@type\":\"ReadAction\",\"target\":[\"https:\/\/motivation.ro\/en\/blog\/intalnire-a-participantilor-la-grupurile-de-suport\/\"]}]},{\"@type\":\"BreadcrumbList\",\"@id\":\"https:\/\/motivation.ro\/en\/blog\/intalnire-a-participantilor-la-grupurile-de-suport\/#breadcrumb\",\"itemListElement\":[{\"@type\":\"ListItem\",\"position\":1,\"name\":\"Home\",\"item\":\"https:\/\/motivation.ro\/en\/\"},{\"@type\":\"ListItem\",\"position\":2,\"name\":\"\u00cent\u00e2lnire a participan\u021bilor la grupurile de suport\"}]},{\"@type\":\"WebSite\",\"@id\":\"https:\/\/motivation.ro\/en\/#website\",\"url\":\"https:\/\/motivation.ro\/en\/\",\"name\":\"Motivation Romania NGO\",\"description\":\"FMR\",\"publisher\":{\"@id\":\"https:\/\/motivation.ro\/en\/#organization\"},\"potentialAction\":[{\"@type\":\"SearchAction\",\"target\":{\"@type\":\"EntryPoint\",\"urlTemplate\":\"https:\/\/motivation.ro\/en\/?s={search_term_string}\"},\"query-input\":{\"@type\":\"PropertyValueSpecification\",\"valueRequired\":true,\"valueName\":\"search_term_string\"}}],\"inLanguage\":\"en-US\"},{\"@type\":\"Organization\",\"@id\":\"https:\/\/motivation.ro\/en\/#organization\",\"name\":\"Fundatia Motivation Romania\",\"url\":\"https:\/\/motivation.ro\/en\/\",\"logo\":{\"@type\":\"ImageObject\",\"inLanguage\":\"en-US\",\"@id\":\"https:\/\/motivation.ro\/en\/#\/schema\/logo\/image\/\",\"url\":\"https:\/\/motivation.ro\/en\/wp-content\/uploads\/sites\/10\/2015\/12\/logo_mot_shadow.png\",\"contentUrl\":\"https:\/\/motivation.ro\/en\/wp-content\/uploads\/sites\/10\/2015\/12\/logo_mot_shadow.png\",\"width\":350,\"height\":84,\"caption\":\"Fundatia Motivation Romania\"},\"image\":{\"@id\":\"https:\/\/motivation.ro\/en\/#\/schema\/logo\/image\/\"},\"sameAs\":[\"https:\/\/www.facebook.com\/FundatiaMotivationRomania\"]},{\"@type\":\"Person\",\"@id\":\"https:\/\/motivation.ro\/en\/#\/schema\/person\/2b528c2687a1264bedb8f1a33dbadf46\",\"name\":\"Alex Manaila\",\"image\":{\"@type\":\"ImageObject\",\"inLanguage\":\"en-US\",\"@id\":\"https:\/\/motivation.ro\/en\/#\/schema\/person\/image\/\",\"url\":\"https:\/\/secure.gravatar.com\/avatar\/3b5dee88890a6b4be734d8ef5ee9703677400244ce0125e34900f689f71dfb7a?s=96&d=mm&r=g\",\"contentUrl\":\"https:\/\/secure.gravatar.com\/avatar\/3b5dee88890a6b4be734d8ef5ee9703677400244ce0125e34900f689f71dfb7a?s=96&d=mm&r=g\",\"caption\":\"Alex Manaila\"},\"url\":\"https:\/\/motivation.ro\/en\/blog\/author\/alexm\/\"}]}<\/script>\n<!-- \/ Yoast SEO plugin. -->","yoast_head_json":{"title":"\u00cent\u00e2lnire a participan\u021bilor la grupurile de suport - Motivation Romania NGO","robots":{"index":"index","follow":"follow","max-snippet":"max-snippet:-1","max-image-preview":"max-image-preview:large","max-video-preview":"max-video-preview:-1"},"canonical":"https:\/\/motivation.ro\/en\/blog\/intalnire-a-participantilor-la-grupurile-de-suport\/","og_locale":"en_US","og_type":"article","og_title":"\u00cent\u00e2lnire a participan\u021bilor la grupurile de suport - Motivation Romania NGO","og_description":"Consiliere la Moneasa A venit r\u00e2ndul beneficiarilor din Timi\u0219oara s\u0103 petreac\u0103 trei zile departe de cas\u0103, \u00een compania echipei Motivation Timi\u0219 \u0219i a unui psiholog. \u0218apte persoane cu dizabilit\u0103\u021bi locomotorii au luat parte \u00een perioada 13-15 aprilie la \u00eent\u00e2lnirea organizat\u0103 la Moneasa. Aici s-au implicat \u00een discu\u021bii \u0219i jocuri care i-au ajutat s\u0103 vorbeasc\u0103 despre...","og_url":"https:\/\/motivation.ro\/en\/blog\/intalnire-a-participantilor-la-grupurile-de-suport\/","og_site_name":"Motivation Romania NGO","article_publisher":"https:\/\/www.facebook.com\/FundatiaMotivationRomania","article_published_time":"2013-04-16T11:46:18+00:00","article_modified_time":"2015-12-15T11:46:45+00:00","author":"Alex Manaila","twitter_card":"summary_large_image","twitter_misc":{"Written by":"Alex Manaila","Est. reading time":"1 minute"},"schema":{"@context":"https:\/\/schema.org","@graph":[{"@type":"Article","@id":"https:\/\/motivation.ro\/en\/blog\/intalnire-a-participantilor-la-grupurile-de-suport\/#article","isPartOf":{"@id":"https:\/\/motivation.ro\/en\/blog\/intalnire-a-participantilor-la-grupurile-de-suport\/"},"author":{"name":"Alex Manaila","@id":"https:\/\/motivation.ro\/en\/#\/schema\/person\/2b528c2687a1264bedb8f1a33dbadf46"},"headline":"\u00cent\u00e2lnire a participan\u021bilor la grupurile de suport","datePublished":"2013-04-16T11:46:18+00:00","dateModified":"2015-12-15T11:46:45+00:00","mainEntityOfPage":{"@id":"https:\/\/motivation.ro\/en\/blog\/intalnire-a-participantilor-la-grupurile-de-suport\/"},"wordCount":117,"commentCount":0,"publisher":{"@id":"https:\/\/motivation.ro\/en\/#organization"},"articleSection":["News"],"inLanguage":"en-US"},{"@type":"WebPage","@id":"https:\/\/motivation.ro\/en\/blog\/intalnire-a-participantilor-la-grupurile-de-suport\/","url":"https:\/\/motivation.ro\/en\/blog\/intalnire-a-participantilor-la-grupurile-de-suport\/","name":"\u00cent\u00e2lnire a participan\u021bilor la grupurile de suport - Motivation Romania NGO","isPartOf":{"@id":"https:\/\/motivation.ro\/en\/#website"},"datePublished":"2013-04-16T11:46:18+00:00","dateModified":"2015-12-15T11:46:45+00:00","breadcrumb":{"@id":"https:\/\/motivation.ro\/en\/blog\/intalnire-a-participantilor-la-grupurile-de-suport\/#breadcrumb"},"inLanguage":"en-US","potentialAction":[{"@type":"ReadAction","target":["https:\/\/motivation.ro\/en\/blog\/intalnire-a-participantilor-la-grupurile-de-suport\/"]}]},{"@type":"BreadcrumbList","@id":"https:\/\/motivation.ro\/en\/blog\/intalnire-a-participantilor-la-grupurile-de-suport\/#breadcrumb","itemListElement":[{"@type":"ListItem","position":1,"name":"Home","item":"https:\/\/motivation.ro\/en\/"},{"@type":"ListItem","position":2,"name":"\u00cent\u00e2lnire a participan\u021bilor la grupurile de suport"}]},{"@type":"WebSite","@id":"https:\/\/motivation.ro\/en\/#website","url":"https:\/\/motivation.ro\/en\/","name":"Motivation Romania NGO","description":"FMR","publisher":{"@id":"https:\/\/motivation.ro\/en\/#organization"},"potentialAction":[{"@type":"SearchAction","target":{"@type":"EntryPoint","urlTemplate":"https:\/\/motivation.ro\/en\/?s={search_term_string}"},"query-input":{"@type":"PropertyValueSpecification","valueRequired":true,"valueName":"search_term_string"}}],"inLanguage":"en-US"},{"@type":"Organization","@id":"https:\/\/motivation.ro\/en\/#organization","name":"Fundatia Motivation Romania","url":"https:\/\/motivation.ro\/en\/","logo":{"@type":"ImageObject","inLanguage":"en-US","@id":"https:\/\/motivation.ro\/en\/#\/schema\/logo\/image\/","url":"https:\/\/motivation.ro\/en\/wp-content\/uploads\/sites\/10\/2015\/12\/logo_mot_shadow.png","contentUrl":"https:\/\/motivation.ro\/en\/wp-content\/uploads\/sites\/10\/2015\/12\/logo_mot_shadow.png","width":350,"height":84,"caption":"Fundatia Motivation Romania"},"image":{"@id":"https:\/\/motivation.ro\/en\/#\/schema\/logo\/image\/"},"sameAs":["https:\/\/www.facebook.com\/FundatiaMotivationRomania"]},{"@type":"Person","@id":"https:\/\/motivation.ro\/en\/#\/schema\/person\/2b528c2687a1264bedb8f1a33dbadf46","name":"Alex Manaila","image":{"@type":"ImageObject","inLanguage":"en-US","@id":"https:\/\/motivation.ro\/en\/#\/schema\/person\/image\/","url":"https:\/\/secure.gravatar.com\/avatar\/3b5dee88890a6b4be734d8ef5ee9703677400244ce0125e34900f689f71dfb7a?s=96&d=mm&r=g","contentUrl":"https:\/\/secure.gravatar.com\/avatar\/3b5dee88890a6b4be734d8ef5ee9703677400244ce0125e34900f689f71dfb7a?s=96&d=mm&r=g","caption":"Alex Manaila"},"url":"https:\/\/motivation.ro\/en\/blog\/author\/alexm\/"}]}},"_links":{"self":[{"href":"https:\/\/motivation.ro\/en\/wp-json\/wp\/v2\/posts\/706","targetHints":{"allow":["GET"]}}],"collection":[{"href":"https:\/\/motivation.ro\/en\/wp-json\/wp\/v2\/posts"}],"about":[{"href":"https:\/\/motivation.ro\/en\/wp-json\/wp\/v2\/types\/post"}],"author":[{"embeddable":true,"href":"https:\/\/motivation.ro\/en\/wp-json\/wp\/v2\/users\/1"}],"replies":[{"embeddable":true,"href":"https:\/\/motivation.ro\/en\/wp-json\/wp\/v2\/comments?post=706"}],"version-history":[{"count":1,"href":"https:\/\/motivation.ro\/en\/wp-json\/wp\/v2\/posts\/706\/revisions"}],"predecessor-version":[{"id":707,"href":"https:\/\/motivation.ro\/en\/wp-json\/wp\/v2\/posts\/706\/revisions\/707"}],"wp:attachment":[{"href":"https:\/\/motivation.ro\/en\/wp-json\/wp\/v2\/media?parent=706"}],"wp:term":[{"taxonomy":"category","embeddable":true,"href":"https:\/\/motivation.ro\/en\/wp-json\/wp\/v2\/categories?post=706"},{"taxonomy":"post_tag","embeddable":true,"href":"https:\/\/motivation.ro\/en\/wp-json\/wp\/v2\/tags?post=706"}],"curies":[{"name":"wp","href":"https:\/\/api.w.org\/{rel}","templated":true}]}}