{"id":889,"date":"2013-10-29T13:15:27","date_gmt":"2013-10-29T13:15:27","guid":{"rendered":"http:\/\/motivation.ro\/en\/?p=889"},"modified":"2015-12-15T13:15:59","modified_gmt":"2015-12-15T13:15:59","slug":"seminare-pentru-specialisti","status":"publish","type":"post","link":"https:\/\/motivation.ro\/en\/blog\/seminare-pentru-specialisti\/","title":{"rendered":"Seminare pentru speciali\u0219ti"},"content":{"rendered":"<style type=\"text\/css\"><\/style><div id=\"NewsPostDetailSummary\"><strong>Seminare pentru speciali\u0219ti<\/strong><\/div>\n<div id=\"NewsPostDetailContent\">\n<p>Echipa Motivation din Ilfov a organizat \u00een luna octombrie dou\u0103 seminare adresate speciali\u0219tilor, \u00een Bucure\u0219ti \u0219i Gala\u021bi. Primul dintre ele a avut loc la Facultatea de Educa\u021bie Fizic\u0103 \u0219i Sport, Departamentul de Kinetoterapie \u0219i Motricitate Special\u0103, pe 22 octombrie, cu participarea a \u00a034 de studen\u021bi \u0219i un profesor universitar. Al doilea seminar s-a desf\u0103\u0219urat pe 29 octombrie, \u00een Gala\u021bi, la Facultatea de Educa\u021bie Fizic\u0103 \u0219i Sport, cu participarea a 30 de persoane.<\/p>\n<p>\u00cen cadrul evenimentelor au fost transmise informa\u021bii despre tipurile de scaune rulante, procesele de evaluare \u0219i prescriere de echipamente de mobilitate. De asemenea, echipa noastr\u0103 a prezentat Ghidul de furnizare a scaunelor rulante cu antrenare manual\u0103 al Organiza\u021biei Mondiale a S\u0103n\u0103t\u0103\u021bii. Evenimentele au loc \u00een universit\u0103\u021bile din toat\u0103 \u021bara \u0219i vizeaz\u0103 informarea \u0219i formarea viitorilor speciali\u0219ti.<\/p>\n<p><img fetchpriority=\"high\" decoding=\"async\" class=\"aligncenter\" src=\"http:\/\/www.motivation.ro\/en\/uploads\/images\/IF_seminar_specialisti_22.10_rev.jpg\" alt=\"\" width=\"450\" height=\"339\" \/><img decoding=\"async\" class=\"aligncenter\" src=\"http:\/\/www.motivation.ro\/en\/uploads\/images\/seminar_galati.jpg\" alt=\"\" width=\"509\" height=\"339\" \/><\/p>\n<\/div>\n","protected":false},"excerpt":{"rendered":"<p>Seminare pentru speciali\u0219ti Echipa Motivation din Ilfov a organizat \u00een luna octombrie dou\u0103 seminare adresate speciali\u0219tilor, \u00een Bucure\u0219ti \u0219i Gala\u021bi. Primul dintre ele a avut loc la Facultatea de Educa\u021bie Fizic\u0103 \u0219i Sport, Departamentul de Kinetoterapie \u0219i Motricitate Special\u0103, pe 22 octombrie, cu participarea a \u00a034 de studen\u021bi \u0219i un profesor universitar. Al doilea seminar&#8230;<\/p>\n","protected":false},"author":1,"featured_media":0,"comment_status":"open","ping_status":"open","sticky":false,"template":"","format":"standard","meta":{"footnotes":""},"categories":[4],"tags":[],"class_list":["post-889","post","type-post","status-publish","format-standard","hentry","category-news"],"yoast_head":"<!-- This site is optimized with the Yoast SEO plugin v27.1.1 - https:\/\/yoast.com\/product\/yoast-seo-wordpress\/ -->\n<title>Seminare pentru speciali\u0219ti - Motivation Romania NGO<\/title>\n<meta name=\"robots\" content=\"index, follow, max-snippet:-1, max-image-preview:large, max-video-preview:-1\" \/>\n<link rel=\"canonical\" href=\"https:\/\/motivation.ro\/en\/blog\/seminare-pentru-specialisti\/\" \/>\n<meta property=\"og:locale\" content=\"en_US\" \/>\n<meta property=\"og:type\" content=\"article\" \/>\n<meta property=\"og:title\" content=\"Seminare pentru speciali\u0219ti - Motivation Romania NGO\" \/>\n<meta property=\"og:description\" content=\"Seminare pentru speciali\u0219ti Echipa Motivation din Ilfov a organizat \u00een luna octombrie dou\u0103 seminare adresate speciali\u0219tilor, \u00een Bucure\u0219ti \u0219i Gala\u021bi. Primul dintre ele a avut loc la Facultatea de Educa\u021bie Fizic\u0103 \u0219i Sport, Departamentul de Kinetoterapie \u0219i Motricitate Special\u0103, pe 22 octombrie, cu participarea a \u00a034 de studen\u021bi \u0219i un profesor universitar. Al doilea seminar...\" \/>\n<meta property=\"og:url\" content=\"https:\/\/motivation.ro\/en\/blog\/seminare-pentru-specialisti\/\" \/>\n<meta property=\"og:site_name\" content=\"Motivation Romania NGO\" \/>\n<meta property=\"article:publisher\" content=\"https:\/\/www.facebook.com\/FundatiaMotivationRomania\" \/>\n<meta property=\"article:published_time\" content=\"2013-10-29T13:15:27+00:00\" \/>\n<meta property=\"article:modified_time\" content=\"2015-12-15T13:15:59+00:00\" \/>\n<meta property=\"og:image\" content=\"http:\/\/www.motivation.ro\/en\/uploads\/images\/IF_seminar_specialisti_22.10_rev.jpg\" \/>\n<meta name=\"author\" content=\"Alex Manaila\" \/>\n<meta name=\"twitter:card\" content=\"summary_large_image\" \/>\n<meta name=\"twitter:label1\" content=\"Written by\" \/>\n\t<meta name=\"twitter:data1\" content=\"Alex Manaila\" \/>\n\t<meta name=\"twitter:label2\" content=\"Est. reading time\" \/>\n\t<meta name=\"twitter:data2\" content=\"1 minute\" \/>\n<script type=\"application\/ld+json\" class=\"yoast-schema-graph\">{\"@context\":\"https:\/\/schema.org\",\"@graph\":[{\"@type\":\"Article\",\"@id\":\"https:\/\/motivation.ro\/en\/blog\/seminare-pentru-specialisti\/#article\",\"isPartOf\":{\"@id\":\"https:\/\/motivation.ro\/en\/blog\/seminare-pentru-specialisti\/\"},\"author\":{\"name\":\"Alex Manaila\",\"@id\":\"https:\/\/motivation.ro\/en\/#\/schema\/person\/2b528c2687a1264bedb8f1a33dbadf46\"},\"headline\":\"Seminare pentru speciali\u0219ti\",\"datePublished\":\"2013-10-29T13:15:27+00:00\",\"dateModified\":\"2015-12-15T13:15:59+00:00\",\"mainEntityOfPage\":{\"@id\":\"https:\/\/motivation.ro\/en\/blog\/seminare-pentru-specialisti\/\"},\"wordCount\":147,\"commentCount\":0,\"publisher\":{\"@id\":\"https:\/\/motivation.ro\/en\/#organization\"},\"image\":{\"@id\":\"https:\/\/motivation.ro\/en\/blog\/seminare-pentru-specialisti\/#primaryimage\"},\"thumbnailUrl\":\"http:\/\/www.motivation.ro\/en\/uploads\/images\/IF_seminar_specialisti_22.10_rev.jpg\",\"articleSection\":[\"News\"],\"inLanguage\":\"en-US\"},{\"@type\":\"WebPage\",\"@id\":\"https:\/\/motivation.ro\/en\/blog\/seminare-pentru-specialisti\/\",\"url\":\"https:\/\/motivation.ro\/en\/blog\/seminare-pentru-specialisti\/\",\"name\":\"Seminare pentru speciali\u0219ti - Motivation Romania NGO\",\"isPartOf\":{\"@id\":\"https:\/\/motivation.ro\/en\/#website\"},\"primaryImageOfPage\":{\"@id\":\"https:\/\/motivation.ro\/en\/blog\/seminare-pentru-specialisti\/#primaryimage\"},\"image\":{\"@id\":\"https:\/\/motivation.ro\/en\/blog\/seminare-pentru-specialisti\/#primaryimage\"},\"thumbnailUrl\":\"http:\/\/www.motivation.ro\/en\/uploads\/images\/IF_seminar_specialisti_22.10_rev.jpg\",\"datePublished\":\"2013-10-29T13:15:27+00:00\",\"dateModified\":\"2015-12-15T13:15:59+00:00\",\"breadcrumb\":{\"@id\":\"https:\/\/motivation.ro\/en\/blog\/seminare-pentru-specialisti\/#breadcrumb\"},\"inLanguage\":\"en-US\",\"potentialAction\":[{\"@type\":\"ReadAction\",\"target\":[\"https:\/\/motivation.ro\/en\/blog\/seminare-pentru-specialisti\/\"]}]},{\"@type\":\"ImageObject\",\"inLanguage\":\"en-US\",\"@id\":\"https:\/\/motivation.ro\/en\/blog\/seminare-pentru-specialisti\/#primaryimage\",\"url\":\"http:\/\/www.motivation.ro\/en\/uploads\/images\/IF_seminar_specialisti_22.10_rev.jpg\",\"contentUrl\":\"http:\/\/www.motivation.ro\/en\/uploads\/images\/IF_seminar_specialisti_22.10_rev.jpg\"},{\"@type\":\"BreadcrumbList\",\"@id\":\"https:\/\/motivation.ro\/en\/blog\/seminare-pentru-specialisti\/#breadcrumb\",\"itemListElement\":[{\"@type\":\"ListItem\",\"position\":1,\"name\":\"Home\",\"item\":\"https:\/\/motivation.ro\/en\/\"},{\"@type\":\"ListItem\",\"position\":2,\"name\":\"Seminare pentru speciali\u0219ti\"}]},{\"@type\":\"WebSite\",\"@id\":\"https:\/\/motivation.ro\/en\/#website\",\"url\":\"https:\/\/motivation.ro\/en\/\",\"name\":\"Motivation Romania NGO\",\"description\":\"FMR\",\"publisher\":{\"@id\":\"https:\/\/motivation.ro\/en\/#organization\"},\"potentialAction\":[{\"@type\":\"SearchAction\",\"target\":{\"@type\":\"EntryPoint\",\"urlTemplate\":\"https:\/\/motivation.ro\/en\/?s={search_term_string}\"},\"query-input\":{\"@type\":\"PropertyValueSpecification\",\"valueRequired\":true,\"valueName\":\"search_term_string\"}}],\"inLanguage\":\"en-US\"},{\"@type\":\"Organization\",\"@id\":\"https:\/\/motivation.ro\/en\/#organization\",\"name\":\"Fundatia Motivation Romania\",\"url\":\"https:\/\/motivation.ro\/en\/\",\"logo\":{\"@type\":\"ImageObject\",\"inLanguage\":\"en-US\",\"@id\":\"https:\/\/motivation.ro\/en\/#\/schema\/logo\/image\/\",\"url\":\"https:\/\/motivation.ro\/en\/wp-content\/uploads\/sites\/10\/2015\/12\/logo_mot_shadow.png\",\"contentUrl\":\"https:\/\/motivation.ro\/en\/wp-content\/uploads\/sites\/10\/2015\/12\/logo_mot_shadow.png\",\"width\":350,\"height\":84,\"caption\":\"Fundatia Motivation Romania\"},\"image\":{\"@id\":\"https:\/\/motivation.ro\/en\/#\/schema\/logo\/image\/\"},\"sameAs\":[\"https:\/\/www.facebook.com\/FundatiaMotivationRomania\"]},{\"@type\":\"Person\",\"@id\":\"https:\/\/motivation.ro\/en\/#\/schema\/person\/2b528c2687a1264bedb8f1a33dbadf46\",\"name\":\"Alex Manaila\",\"image\":{\"@type\":\"ImageObject\",\"inLanguage\":\"en-US\",\"@id\":\"https:\/\/motivation.ro\/en\/#\/schema\/person\/image\/\",\"url\":\"https:\/\/secure.gravatar.com\/avatar\/3b5dee88890a6b4be734d8ef5ee9703677400244ce0125e34900f689f71dfb7a?s=96&d=mm&r=g\",\"contentUrl\":\"https:\/\/secure.gravatar.com\/avatar\/3b5dee88890a6b4be734d8ef5ee9703677400244ce0125e34900f689f71dfb7a?s=96&d=mm&r=g\",\"caption\":\"Alex Manaila\"},\"url\":\"https:\/\/motivation.ro\/en\/blog\/author\/alexm\/\"}]}<\/script>\n<!-- \/ Yoast SEO plugin. -->","yoast_head_json":{"title":"Seminare pentru speciali\u0219ti - Motivation Romania NGO","robots":{"index":"index","follow":"follow","max-snippet":"max-snippet:-1","max-image-preview":"max-image-preview:large","max-video-preview":"max-video-preview:-1"},"canonical":"https:\/\/motivation.ro\/en\/blog\/seminare-pentru-specialisti\/","og_locale":"en_US","og_type":"article","og_title":"Seminare pentru speciali\u0219ti - Motivation Romania NGO","og_description":"Seminare pentru speciali\u0219ti Echipa Motivation din Ilfov a organizat \u00een luna octombrie dou\u0103 seminare adresate speciali\u0219tilor, \u00een Bucure\u0219ti \u0219i Gala\u021bi. Primul dintre ele a avut loc la Facultatea de Educa\u021bie Fizic\u0103 \u0219i Sport, Departamentul de Kinetoterapie \u0219i Motricitate Special\u0103, pe 22 octombrie, cu participarea a \u00a034 de studen\u021bi \u0219i un profesor universitar. Al doilea seminar...","og_url":"https:\/\/motivation.ro\/en\/blog\/seminare-pentru-specialisti\/","og_site_name":"Motivation Romania NGO","article_publisher":"https:\/\/www.facebook.com\/FundatiaMotivationRomania","article_published_time":"2013-10-29T13:15:27+00:00","article_modified_time":"2015-12-15T13:15:59+00:00","og_image":[{"url":"http:\/\/www.motivation.ro\/en\/uploads\/images\/IF_seminar_specialisti_22.10_rev.jpg","type":"","width":"","height":""}],"author":"Alex Manaila","twitter_card":"summary_large_image","twitter_misc":{"Written by":"Alex Manaila","Est. reading time":"1 minute"},"schema":{"@context":"https:\/\/schema.org","@graph":[{"@type":"Article","@id":"https:\/\/motivation.ro\/en\/blog\/seminare-pentru-specialisti\/#article","isPartOf":{"@id":"https:\/\/motivation.ro\/en\/blog\/seminare-pentru-specialisti\/"},"author":{"name":"Alex Manaila","@id":"https:\/\/motivation.ro\/en\/#\/schema\/person\/2b528c2687a1264bedb8f1a33dbadf46"},"headline":"Seminare pentru speciali\u0219ti","datePublished":"2013-10-29T13:15:27+00:00","dateModified":"2015-12-15T13:15:59+00:00","mainEntityOfPage":{"@id":"https:\/\/motivation.ro\/en\/blog\/seminare-pentru-specialisti\/"},"wordCount":147,"commentCount":0,"publisher":{"@id":"https:\/\/motivation.ro\/en\/#organization"},"image":{"@id":"https:\/\/motivation.ro\/en\/blog\/seminare-pentru-specialisti\/#primaryimage"},"thumbnailUrl":"http:\/\/www.motivation.ro\/en\/uploads\/images\/IF_seminar_specialisti_22.10_rev.jpg","articleSection":["News"],"inLanguage":"en-US"},{"@type":"WebPage","@id":"https:\/\/motivation.ro\/en\/blog\/seminare-pentru-specialisti\/","url":"https:\/\/motivation.ro\/en\/blog\/seminare-pentru-specialisti\/","name":"Seminare pentru speciali\u0219ti - Motivation Romania NGO","isPartOf":{"@id":"https:\/\/motivation.ro\/en\/#website"},"primaryImageOfPage":{"@id":"https:\/\/motivation.ro\/en\/blog\/seminare-pentru-specialisti\/#primaryimage"},"image":{"@id":"https:\/\/motivation.ro\/en\/blog\/seminare-pentru-specialisti\/#primaryimage"},"thumbnailUrl":"http:\/\/www.motivation.ro\/en\/uploads\/images\/IF_seminar_specialisti_22.10_rev.jpg","datePublished":"2013-10-29T13:15:27+00:00","dateModified":"2015-12-15T13:15:59+00:00","breadcrumb":{"@id":"https:\/\/motivation.ro\/en\/blog\/seminare-pentru-specialisti\/#breadcrumb"},"inLanguage":"en-US","potentialAction":[{"@type":"ReadAction","target":["https:\/\/motivation.ro\/en\/blog\/seminare-pentru-specialisti\/"]}]},{"@type":"ImageObject","inLanguage":"en-US","@id":"https:\/\/motivation.ro\/en\/blog\/seminare-pentru-specialisti\/#primaryimage","url":"http:\/\/www.motivation.ro\/en\/uploads\/images\/IF_seminar_specialisti_22.10_rev.jpg","contentUrl":"http:\/\/www.motivation.ro\/en\/uploads\/images\/IF_seminar_specialisti_22.10_rev.jpg"},{"@type":"BreadcrumbList","@id":"https:\/\/motivation.ro\/en\/blog\/seminare-pentru-specialisti\/#breadcrumb","itemListElement":[{"@type":"ListItem","position":1,"name":"Home","item":"https:\/\/motivation.ro\/en\/"},{"@type":"ListItem","position":2,"name":"Seminare pentru speciali\u0219ti"}]},{"@type":"WebSite","@id":"https:\/\/motivation.ro\/en\/#website","url":"https:\/\/motivation.ro\/en\/","name":"Motivation Romania NGO","description":"FMR","publisher":{"@id":"https:\/\/motivation.ro\/en\/#organization"},"potentialAction":[{"@type":"SearchAction","target":{"@type":"EntryPoint","urlTemplate":"https:\/\/motivation.ro\/en\/?s={search_term_string}"},"query-input":{"@type":"PropertyValueSpecification","valueRequired":true,"valueName":"search_term_string"}}],"inLanguage":"en-US"},{"@type":"Organization","@id":"https:\/\/motivation.ro\/en\/#organization","name":"Fundatia Motivation Romania","url":"https:\/\/motivation.ro\/en\/","logo":{"@type":"ImageObject","inLanguage":"en-US","@id":"https:\/\/motivation.ro\/en\/#\/schema\/logo\/image\/","url":"https:\/\/motivation.ro\/en\/wp-content\/uploads\/sites\/10\/2015\/12\/logo_mot_shadow.png","contentUrl":"https:\/\/motivation.ro\/en\/wp-content\/uploads\/sites\/10\/2015\/12\/logo_mot_shadow.png","width":350,"height":84,"caption":"Fundatia Motivation Romania"},"image":{"@id":"https:\/\/motivation.ro\/en\/#\/schema\/logo\/image\/"},"sameAs":["https:\/\/www.facebook.com\/FundatiaMotivationRomania"]},{"@type":"Person","@id":"https:\/\/motivation.ro\/en\/#\/schema\/person\/2b528c2687a1264bedb8f1a33dbadf46","name":"Alex Manaila","image":{"@type":"ImageObject","inLanguage":"en-US","@id":"https:\/\/motivation.ro\/en\/#\/schema\/person\/image\/","url":"https:\/\/secure.gravatar.com\/avatar\/3b5dee88890a6b4be734d8ef5ee9703677400244ce0125e34900f689f71dfb7a?s=96&d=mm&r=g","contentUrl":"https:\/\/secure.gravatar.com\/avatar\/3b5dee88890a6b4be734d8ef5ee9703677400244ce0125e34900f689f71dfb7a?s=96&d=mm&r=g","caption":"Alex Manaila"},"url":"https:\/\/motivation.ro\/en\/blog\/author\/alexm\/"}]}},"_links":{"self":[{"href":"https:\/\/motivation.ro\/en\/wp-json\/wp\/v2\/posts\/889","targetHints":{"allow":["GET"]}}],"collection":[{"href":"https:\/\/motivation.ro\/en\/wp-json\/wp\/v2\/posts"}],"about":[{"href":"https:\/\/motivation.ro\/en\/wp-json\/wp\/v2\/types\/post"}],"author":[{"embeddable":true,"href":"https:\/\/motivation.ro\/en\/wp-json\/wp\/v2\/users\/1"}],"replies":[{"embeddable":true,"href":"https:\/\/motivation.ro\/en\/wp-json\/wp\/v2\/comments?post=889"}],"version-history":[{"count":1,"href":"https:\/\/motivation.ro\/en\/wp-json\/wp\/v2\/posts\/889\/revisions"}],"predecessor-version":[{"id":891,"href":"https:\/\/motivation.ro\/en\/wp-json\/wp\/v2\/posts\/889\/revisions\/891"}],"wp:attachment":[{"href":"https:\/\/motivation.ro\/en\/wp-json\/wp\/v2\/media?parent=889"}],"wp:term":[{"taxonomy":"category","embeddable":true,"href":"https:\/\/motivation.ro\/en\/wp-json\/wp\/v2\/categories?post=889"},{"taxonomy":"post_tag","embeddable":true,"href":"https:\/\/motivation.ro\/en\/wp-json\/wp\/v2\/tags?post=889"}],"curies":[{"name":"wp","href":"https:\/\/api.w.org\/{rel}","templated":true}]}}