{"id":933,"date":"2014-05-14T13:36:58","date_gmt":"2014-05-14T13:36:58","guid":{"rendered":"http:\/\/motivation.ro\/en\/?p=933"},"modified":"2015-12-15T13:37:22","modified_gmt":"2015-12-15T13:37:22","slug":"parteneriat-pentru-ocupare-in-regiunile-bucuresti-ilfov-sud-vest-si-sud-muntenia","status":"publish","type":"post","link":"https:\/\/motivation.ro\/en\/blog\/parteneriat-pentru-ocupare-in-regiunile-bucuresti-ilfov-sud-vest-si-sud-muntenia\/","title":{"rendered":"PARTENERIAT PENTRU OCUPARE \u00een regiunile Bucure\u0219ti-Ilfov, Sud-Vest \u0219i Sud Muntenia"},"content":{"rendered":"<style type=\"text\/css\"><\/style><p>Funda\u021bia Motivation Rom\u00e2nia, al\u0103turi de partenerii s\u0103i Goals UK CIC, Funda\u021bia Special Olympics din Rom\u00e2nia, HR Specialists SRL, Agen\u021bia Jude\u021bean\u0103 pentru Ocuparea For\u021bei de Munc\u0103 Ilfov, Agen\u021bia Jude\u021bean\u0103 pentru Ocuparea For\u021bei de Munc\u0103 Gorj \u0219i Agen\u021bia Jude\u021bean\u0103 pentru Ocuparea For\u021bei de Munc\u0103 Giurgiu a lansat ast\u0103zi, 14 Mai 2014, proiectul PARTENERIAT PENTRU OCUPARE \u00een regiunile Bucure\u0219ti-Ilfov, Nord-Est \u0219i Sud-Est\u201d. Proiectul se va desf\u0103\u0219ura pe o perioad\u0103 de 18 luni, mai exact \u00eentre 31.03.2014 \u0219i 29.09.2015. <a href=\"http:\/\/www.motivation.ro\/en\/uploads\/Comunicat%20de%20presa%20129642.pdf\">Detalii.<\/a><\/p>\n","protected":false},"excerpt":{"rendered":"<p>Funda\u021bia Motivation Rom\u00e2nia, al\u0103turi de partenerii s\u0103i Goals UK CIC, Funda\u021bia Special Olympics din Rom\u00e2nia, HR Specialists SRL, Agen\u021bia Jude\u021bean\u0103 pentru Ocuparea For\u021bei de Munc\u0103 Ilfov, Agen\u021bia Jude\u021bean\u0103 pentru Ocuparea For\u021bei de Munc\u0103 Gorj \u0219i Agen\u021bia Jude\u021bean\u0103 pentru Ocuparea For\u021bei de Munc\u0103 Giurgiu a lansat ast\u0103zi, 14 Mai 2014, proiectul PARTENERIAT PENTRU OCUPARE \u00een regiunile&#8230;<\/p>\n","protected":false},"author":1,"featured_media":0,"comment_status":"open","ping_status":"open","sticky":false,"template":"","format":"standard","meta":{"footnotes":""},"categories":[4],"tags":[],"class_list":["post-933","post","type-post","status-publish","format-standard","hentry","category-news"],"yoast_head":"<!-- This site is optimized with the Yoast SEO plugin v27.1.1 - https:\/\/yoast.com\/product\/yoast-seo-wordpress\/ -->\n<title>PARTENERIAT PENTRU OCUPARE \u00een regiunile Bucure\u0219ti-Ilfov, Sud-Vest \u0219i Sud Muntenia - Motivation Romania NGO<\/title>\n<meta name=\"robots\" content=\"index, follow, max-snippet:-1, max-image-preview:large, max-video-preview:-1\" \/>\n<link rel=\"canonical\" href=\"https:\/\/motivation.ro\/en\/blog\/parteneriat-pentru-ocupare-in-regiunile-bucuresti-ilfov-sud-vest-si-sud-muntenia\/\" \/>\n<meta property=\"og:locale\" content=\"en_US\" \/>\n<meta property=\"og:type\" content=\"article\" \/>\n<meta property=\"og:title\" content=\"PARTENERIAT PENTRU OCUPARE \u00een regiunile Bucure\u0219ti-Ilfov, Sud-Vest \u0219i Sud Muntenia - Motivation Romania NGO\" \/>\n<meta property=\"og:description\" content=\"Funda\u021bia Motivation Rom\u00e2nia, al\u0103turi de partenerii s\u0103i Goals UK CIC, Funda\u021bia Special Olympics din Rom\u00e2nia, HR Specialists SRL, Agen\u021bia Jude\u021bean\u0103 pentru Ocuparea For\u021bei de Munc\u0103 Ilfov, Agen\u021bia Jude\u021bean\u0103 pentru Ocuparea For\u021bei de Munc\u0103 Gorj \u0219i Agen\u021bia Jude\u021bean\u0103 pentru Ocuparea For\u021bei de Munc\u0103 Giurgiu a lansat ast\u0103zi, 14 Mai 2014, proiectul PARTENERIAT PENTRU OCUPARE \u00een regiunile...\" \/>\n<meta property=\"og:url\" content=\"https:\/\/motivation.ro\/en\/blog\/parteneriat-pentru-ocupare-in-regiunile-bucuresti-ilfov-sud-vest-si-sud-muntenia\/\" \/>\n<meta property=\"og:site_name\" content=\"Motivation Romania NGO\" \/>\n<meta property=\"article:publisher\" content=\"https:\/\/www.facebook.com\/FundatiaMotivationRomania\" \/>\n<meta property=\"article:published_time\" content=\"2014-05-14T13:36:58+00:00\" \/>\n<meta property=\"article:modified_time\" content=\"2015-12-15T13:37:22+00:00\" \/>\n<meta name=\"author\" content=\"Alex Manaila\" \/>\n<meta name=\"twitter:card\" content=\"summary_large_image\" \/>\n<meta name=\"twitter:label1\" content=\"Written by\" \/>\n\t<meta name=\"twitter:data1\" content=\"Alex Manaila\" \/>\n<script type=\"application\/ld+json\" class=\"yoast-schema-graph\">{\"@context\":\"https:\/\/schema.org\",\"@graph\":[{\"@type\":\"Article\",\"@id\":\"https:\/\/motivation.ro\/en\/blog\/parteneriat-pentru-ocupare-in-regiunile-bucuresti-ilfov-sud-vest-si-sud-muntenia\/#article\",\"isPartOf\":{\"@id\":\"https:\/\/motivation.ro\/en\/blog\/parteneriat-pentru-ocupare-in-regiunile-bucuresti-ilfov-sud-vest-si-sud-muntenia\/\"},\"author\":{\"name\":\"Alex Manaila\",\"@id\":\"https:\/\/motivation.ro\/en\/#\/schema\/person\/2b528c2687a1264bedb8f1a33dbadf46\"},\"headline\":\"PARTENERIAT PENTRU OCUPARE \u00een regiunile Bucure\u0219ti-Ilfov, Sud-Vest \u0219i Sud Muntenia\",\"datePublished\":\"2014-05-14T13:36:58+00:00\",\"dateModified\":\"2015-12-15T13:37:22+00:00\",\"mainEntityOfPage\":{\"@id\":\"https:\/\/motivation.ro\/en\/blog\/parteneriat-pentru-ocupare-in-regiunile-bucuresti-ilfov-sud-vest-si-sud-muntenia\/\"},\"wordCount\":100,\"commentCount\":0,\"publisher\":{\"@id\":\"https:\/\/motivation.ro\/en\/#organization\"},\"articleSection\":[\"News\"],\"inLanguage\":\"en-US\"},{\"@type\":\"WebPage\",\"@id\":\"https:\/\/motivation.ro\/en\/blog\/parteneriat-pentru-ocupare-in-regiunile-bucuresti-ilfov-sud-vest-si-sud-muntenia\/\",\"url\":\"https:\/\/motivation.ro\/en\/blog\/parteneriat-pentru-ocupare-in-regiunile-bucuresti-ilfov-sud-vest-si-sud-muntenia\/\",\"name\":\"PARTENERIAT PENTRU OCUPARE \u00een regiunile Bucure\u0219ti-Ilfov, Sud-Vest \u0219i Sud Muntenia - Motivation Romania NGO\",\"isPartOf\":{\"@id\":\"https:\/\/motivation.ro\/en\/#website\"},\"datePublished\":\"2014-05-14T13:36:58+00:00\",\"dateModified\":\"2015-12-15T13:37:22+00:00\",\"breadcrumb\":{\"@id\":\"https:\/\/motivation.ro\/en\/blog\/parteneriat-pentru-ocupare-in-regiunile-bucuresti-ilfov-sud-vest-si-sud-muntenia\/#breadcrumb\"},\"inLanguage\":\"en-US\",\"potentialAction\":[{\"@type\":\"ReadAction\",\"target\":[\"https:\/\/motivation.ro\/en\/blog\/parteneriat-pentru-ocupare-in-regiunile-bucuresti-ilfov-sud-vest-si-sud-muntenia\/\"]}]},{\"@type\":\"BreadcrumbList\",\"@id\":\"https:\/\/motivation.ro\/en\/blog\/parteneriat-pentru-ocupare-in-regiunile-bucuresti-ilfov-sud-vest-si-sud-muntenia\/#breadcrumb\",\"itemListElement\":[{\"@type\":\"ListItem\",\"position\":1,\"name\":\"Home\",\"item\":\"https:\/\/motivation.ro\/en\/\"},{\"@type\":\"ListItem\",\"position\":2,\"name\":\"PARTENERIAT PENTRU OCUPARE \u00een regiunile Bucure\u0219ti-Ilfov, Sud-Vest \u0219i Sud Muntenia\"}]},{\"@type\":\"WebSite\",\"@id\":\"https:\/\/motivation.ro\/en\/#website\",\"url\":\"https:\/\/motivation.ro\/en\/\",\"name\":\"Motivation Romania NGO\",\"description\":\"FMR\",\"publisher\":{\"@id\":\"https:\/\/motivation.ro\/en\/#organization\"},\"potentialAction\":[{\"@type\":\"SearchAction\",\"target\":{\"@type\":\"EntryPoint\",\"urlTemplate\":\"https:\/\/motivation.ro\/en\/?s={search_term_string}\"},\"query-input\":{\"@type\":\"PropertyValueSpecification\",\"valueRequired\":true,\"valueName\":\"search_term_string\"}}],\"inLanguage\":\"en-US\"},{\"@type\":\"Organization\",\"@id\":\"https:\/\/motivation.ro\/en\/#organization\",\"name\":\"Fundatia Motivation Romania\",\"url\":\"https:\/\/motivation.ro\/en\/\",\"logo\":{\"@type\":\"ImageObject\",\"inLanguage\":\"en-US\",\"@id\":\"https:\/\/motivation.ro\/en\/#\/schema\/logo\/image\/\",\"url\":\"https:\/\/motivation.ro\/en\/wp-content\/uploads\/sites\/10\/2015\/12\/logo_mot_shadow.png\",\"contentUrl\":\"https:\/\/motivation.ro\/en\/wp-content\/uploads\/sites\/10\/2015\/12\/logo_mot_shadow.png\",\"width\":350,\"height\":84,\"caption\":\"Fundatia Motivation Romania\"},\"image\":{\"@id\":\"https:\/\/motivation.ro\/en\/#\/schema\/logo\/image\/\"},\"sameAs\":[\"https:\/\/www.facebook.com\/FundatiaMotivationRomania\"]},{\"@type\":\"Person\",\"@id\":\"https:\/\/motivation.ro\/en\/#\/schema\/person\/2b528c2687a1264bedb8f1a33dbadf46\",\"name\":\"Alex Manaila\",\"image\":{\"@type\":\"ImageObject\",\"inLanguage\":\"en-US\",\"@id\":\"https:\/\/motivation.ro\/en\/#\/schema\/person\/image\/\",\"url\":\"https:\/\/secure.gravatar.com\/avatar\/3b5dee88890a6b4be734d8ef5ee9703677400244ce0125e34900f689f71dfb7a?s=96&d=mm&r=g\",\"contentUrl\":\"https:\/\/secure.gravatar.com\/avatar\/3b5dee88890a6b4be734d8ef5ee9703677400244ce0125e34900f689f71dfb7a?s=96&d=mm&r=g\",\"caption\":\"Alex Manaila\"},\"url\":\"https:\/\/motivation.ro\/en\/blog\/author\/alexm\/\"}]}<\/script>\n<!-- \/ Yoast SEO plugin. -->","yoast_head_json":{"title":"PARTENERIAT PENTRU OCUPARE \u00een regiunile Bucure\u0219ti-Ilfov, Sud-Vest \u0219i Sud Muntenia - Motivation Romania NGO","robots":{"index":"index","follow":"follow","max-snippet":"max-snippet:-1","max-image-preview":"max-image-preview:large","max-video-preview":"max-video-preview:-1"},"canonical":"https:\/\/motivation.ro\/en\/blog\/parteneriat-pentru-ocupare-in-regiunile-bucuresti-ilfov-sud-vest-si-sud-muntenia\/","og_locale":"en_US","og_type":"article","og_title":"PARTENERIAT PENTRU OCUPARE \u00een regiunile Bucure\u0219ti-Ilfov, Sud-Vest \u0219i Sud Muntenia - Motivation Romania NGO","og_description":"Funda\u021bia Motivation Rom\u00e2nia, al\u0103turi de partenerii s\u0103i Goals UK CIC, Funda\u021bia Special Olympics din Rom\u00e2nia, HR Specialists SRL, Agen\u021bia Jude\u021bean\u0103 pentru Ocuparea For\u021bei de Munc\u0103 Ilfov, Agen\u021bia Jude\u021bean\u0103 pentru Ocuparea For\u021bei de Munc\u0103 Gorj \u0219i Agen\u021bia Jude\u021bean\u0103 pentru Ocuparea For\u021bei de Munc\u0103 Giurgiu a lansat ast\u0103zi, 14 Mai 2014, proiectul PARTENERIAT PENTRU OCUPARE \u00een regiunile...","og_url":"https:\/\/motivation.ro\/en\/blog\/parteneriat-pentru-ocupare-in-regiunile-bucuresti-ilfov-sud-vest-si-sud-muntenia\/","og_site_name":"Motivation Romania NGO","article_publisher":"https:\/\/www.facebook.com\/FundatiaMotivationRomania","article_published_time":"2014-05-14T13:36:58+00:00","article_modified_time":"2015-12-15T13:37:22+00:00","author":"Alex Manaila","twitter_card":"summary_large_image","twitter_misc":{"Written by":"Alex Manaila"},"schema":{"@context":"https:\/\/schema.org","@graph":[{"@type":"Article","@id":"https:\/\/motivation.ro\/en\/blog\/parteneriat-pentru-ocupare-in-regiunile-bucuresti-ilfov-sud-vest-si-sud-muntenia\/#article","isPartOf":{"@id":"https:\/\/motivation.ro\/en\/blog\/parteneriat-pentru-ocupare-in-regiunile-bucuresti-ilfov-sud-vest-si-sud-muntenia\/"},"author":{"name":"Alex Manaila","@id":"https:\/\/motivation.ro\/en\/#\/schema\/person\/2b528c2687a1264bedb8f1a33dbadf46"},"headline":"PARTENERIAT PENTRU OCUPARE \u00een regiunile Bucure\u0219ti-Ilfov, Sud-Vest \u0219i Sud Muntenia","datePublished":"2014-05-14T13:36:58+00:00","dateModified":"2015-12-15T13:37:22+00:00","mainEntityOfPage":{"@id":"https:\/\/motivation.ro\/en\/blog\/parteneriat-pentru-ocupare-in-regiunile-bucuresti-ilfov-sud-vest-si-sud-muntenia\/"},"wordCount":100,"commentCount":0,"publisher":{"@id":"https:\/\/motivation.ro\/en\/#organization"},"articleSection":["News"],"inLanguage":"en-US"},{"@type":"WebPage","@id":"https:\/\/motivation.ro\/en\/blog\/parteneriat-pentru-ocupare-in-regiunile-bucuresti-ilfov-sud-vest-si-sud-muntenia\/","url":"https:\/\/motivation.ro\/en\/blog\/parteneriat-pentru-ocupare-in-regiunile-bucuresti-ilfov-sud-vest-si-sud-muntenia\/","name":"PARTENERIAT PENTRU OCUPARE \u00een regiunile Bucure\u0219ti-Ilfov, Sud-Vest \u0219i Sud Muntenia - Motivation Romania NGO","isPartOf":{"@id":"https:\/\/motivation.ro\/en\/#website"},"datePublished":"2014-05-14T13:36:58+00:00","dateModified":"2015-12-15T13:37:22+00:00","breadcrumb":{"@id":"https:\/\/motivation.ro\/en\/blog\/parteneriat-pentru-ocupare-in-regiunile-bucuresti-ilfov-sud-vest-si-sud-muntenia\/#breadcrumb"},"inLanguage":"en-US","potentialAction":[{"@type":"ReadAction","target":["https:\/\/motivation.ro\/en\/blog\/parteneriat-pentru-ocupare-in-regiunile-bucuresti-ilfov-sud-vest-si-sud-muntenia\/"]}]},{"@type":"BreadcrumbList","@id":"https:\/\/motivation.ro\/en\/blog\/parteneriat-pentru-ocupare-in-regiunile-bucuresti-ilfov-sud-vest-si-sud-muntenia\/#breadcrumb","itemListElement":[{"@type":"ListItem","position":1,"name":"Home","item":"https:\/\/motivation.ro\/en\/"},{"@type":"ListItem","position":2,"name":"PARTENERIAT PENTRU OCUPARE \u00een regiunile Bucure\u0219ti-Ilfov, Sud-Vest \u0219i Sud Muntenia"}]},{"@type":"WebSite","@id":"https:\/\/motivation.ro\/en\/#website","url":"https:\/\/motivation.ro\/en\/","name":"Motivation Romania NGO","description":"FMR","publisher":{"@id":"https:\/\/motivation.ro\/en\/#organization"},"potentialAction":[{"@type":"SearchAction","target":{"@type":"EntryPoint","urlTemplate":"https:\/\/motivation.ro\/en\/?s={search_term_string}"},"query-input":{"@type":"PropertyValueSpecification","valueRequired":true,"valueName":"search_term_string"}}],"inLanguage":"en-US"},{"@type":"Organization","@id":"https:\/\/motivation.ro\/en\/#organization","name":"Fundatia Motivation Romania","url":"https:\/\/motivation.ro\/en\/","logo":{"@type":"ImageObject","inLanguage":"en-US","@id":"https:\/\/motivation.ro\/en\/#\/schema\/logo\/image\/","url":"https:\/\/motivation.ro\/en\/wp-content\/uploads\/sites\/10\/2015\/12\/logo_mot_shadow.png","contentUrl":"https:\/\/motivation.ro\/en\/wp-content\/uploads\/sites\/10\/2015\/12\/logo_mot_shadow.png","width":350,"height":84,"caption":"Fundatia Motivation Romania"},"image":{"@id":"https:\/\/motivation.ro\/en\/#\/schema\/logo\/image\/"},"sameAs":["https:\/\/www.facebook.com\/FundatiaMotivationRomania"]},{"@type":"Person","@id":"https:\/\/motivation.ro\/en\/#\/schema\/person\/2b528c2687a1264bedb8f1a33dbadf46","name":"Alex Manaila","image":{"@type":"ImageObject","inLanguage":"en-US","@id":"https:\/\/motivation.ro\/en\/#\/schema\/person\/image\/","url":"https:\/\/secure.gravatar.com\/avatar\/3b5dee88890a6b4be734d8ef5ee9703677400244ce0125e34900f689f71dfb7a?s=96&d=mm&r=g","contentUrl":"https:\/\/secure.gravatar.com\/avatar\/3b5dee88890a6b4be734d8ef5ee9703677400244ce0125e34900f689f71dfb7a?s=96&d=mm&r=g","caption":"Alex Manaila"},"url":"https:\/\/motivation.ro\/en\/blog\/author\/alexm\/"}]}},"_links":{"self":[{"href":"https:\/\/motivation.ro\/en\/wp-json\/wp\/v2\/posts\/933","targetHints":{"allow":["GET"]}}],"collection":[{"href":"https:\/\/motivation.ro\/en\/wp-json\/wp\/v2\/posts"}],"about":[{"href":"https:\/\/motivation.ro\/en\/wp-json\/wp\/v2\/types\/post"}],"author":[{"embeddable":true,"href":"https:\/\/motivation.ro\/en\/wp-json\/wp\/v2\/users\/1"}],"replies":[{"embeddable":true,"href":"https:\/\/motivation.ro\/en\/wp-json\/wp\/v2\/comments?post=933"}],"version-history":[{"count":1,"href":"https:\/\/motivation.ro\/en\/wp-json\/wp\/v2\/posts\/933\/revisions"}],"predecessor-version":[{"id":934,"href":"https:\/\/motivation.ro\/en\/wp-json\/wp\/v2\/posts\/933\/revisions\/934"}],"wp:attachment":[{"href":"https:\/\/motivation.ro\/en\/wp-json\/wp\/v2\/media?parent=933"}],"wp:term":[{"taxonomy":"category","embeddable":true,"href":"https:\/\/motivation.ro\/en\/wp-json\/wp\/v2\/categories?post=933"},{"taxonomy":"post_tag","embeddable":true,"href":"https:\/\/motivation.ro\/en\/wp-json\/wp\/v2\/tags?post=933"}],"curies":[{"name":"wp","href":"https:\/\/api.w.org\/{rel}","templated":true}]}}